{"id":18232,"date":"2025-08-23T11:28:00","date_gmt":"2025-08-23T10:28:00","guid":{"rendered":"https:\/\/eranovum.energy\/?p=18232"},"modified":"2025-08-23T11:28:00","modified_gmt":"2025-08-23T10:28:00","slug":"eranovum-ouvre-6-points-de-recharge-rapide-sur-le-parking-de-delhaize-et-brico-a-gembloux","status":"publish","type":"post","link":"https:\/\/eranovum.energy\/fr\/salle-de-presse\/eranovum-ouvre-6-points-de-recharge-rapide-sur-le-parking-de-delhaize-et-brico-a-gembloux\/","title":{"rendered":"Eranovum ouvre 6 points de recharge rapide sur le parking de Delhaize et Brico \u00e0 Gembloux"},"content":{"rendered":"\t\t<div data-elementor-type=\"wp-post\" data-elementor-id=\"18232\" class=\"elementor elementor-18232\">\n\t\t\t\t<div class=\"elementor-element elementor-element-abf6346 e-flex e-con-boxed sc_layouts_column_icons_position_left e-con e-parent\" data-id=\"abf6346\" data-element_type=\"container\" data-e-type=\"container\">\n\t\t\t\t\t<div class=\"e-con-inner\">\n\t\t<div class=\"elementor-element elementor-element-c3fc88b e-con-full e-flex sc_layouts_column_icons_position_left e-con e-child\" data-id=\"c3fc88b\" data-element_type=\"container\" data-e-type=\"container\">\n\t\t\t\t<div class=\"elementor-element elementor-element-10682b7 sc_fly_static elementor-widget elementor-widget-text-editor\" data-id=\"10682b7\" data-element_type=\"widget\" data-e-type=\"widget\" data-widget_type=\"text-editor.default\">\n\t\t\t\t<div class=\"elementor-widget-container\">\n\t\t\t\t\t\t\t\t\t<ul><li><p><strong>Gembloux, le 13 ao\u00fbt 2025 \u2013 Eranovum, l\u2019op\u00e9rateur europ\u00e9en de bornes de recharge qui se distingue par ses solutions de recharge rapide \u00e9cologiques sur mesure, continue d\u2019\u00e9tendre son implantation en Belgique. L\u2019ouverture de trois nouvelles bornes de recharge rapide de 150 kW sur le parking partag\u00e9 du Delhaize et du Brico \u00e0 Gembloux, s\u2019inscrit dans l\u2019ambition d\u2019Eranovum d\u2019installer plus d\u2019un millier de nouveaux points de recharge en Belgique au cours des trois prochaines ann\u00e9es. L\u2019entreprise souhaite rendre ses solutions de recharge durable encore plus accessibles aux conducteurs de VE dans tout le pays.<\/strong><\/p><\/li><\/ul><p class=\"styles_paragraph__6o_o7\">Eranovum poursuit actuellement l\u2019expansion de son r\u00e9seau en Belgique, en mettant l\u2019accent sur des emplacements strat\u00e9giques o\u00f9 la demande d\u2019infrastructures de recharge \u00e9lectrique est la plus forte. L\u2019op\u00e9rateur consolide ainsi sa position d\u2019acteur innovant dans le secteur de la mobilit\u00e9 \u00e9lectrique. La station offre aux conducteurs de VE une solution de recharge efficace et respectueuse de l\u2019environnement, rendant la transition vers la mobilit\u00e9 \u00e9lectrique encore plus attractive.<\/p><blockquote class=\"Quote_container__z1s15 Quote_alignLeft__eFsH4\"><div class=\"Quote_content__dZxaB\">\u00ab\u00a0<em>Nous sommes ravis de proposer ce nouveau service \u00e0 notre client\u00e8le, qui peut d\u00e9sormais recharger son v\u00e9hicule \u00e9lectrique pendant ses achats<\/em>, \u00bb d\u00e9clare<strong>\u00a0Dimitri Jadot, le g\u00e9rant du Delhaize de Gembloux.<\/strong><\/div><\/blockquote><blockquote class=\"Quote_container__z1s15 Quote_alignLeft__eFsH4\"><div class=\"Quote_content__dZxaB\">\u00ab\u00a0<em>Cela correspond parfaitement aux attentes de nos clients en mati\u00e8re de durabilit\u00e9 et de praticit\u00e9<\/em>\u00a0\u00bb, ajoute\u00a0<strong>Yves Cattelain, le responsable du magasin Brico<\/strong>.<\/div><\/blockquote><blockquote class=\"Quote_container__z1s15 Quote_alignLeft__eFsH4\"><div class=\"Quote_content__dZxaB\"><em>\u00ab\u00a0La Belgique est l\u2019un pionniers europ\u00e9ens en mati\u00e8re d\u2019\u00e9lectrification du parc automobile. Nous ne pouvons que nous r\u00e9jouir de cette \u00e9volution \u00e0 laquelle nous souhaitons contribuer pleinement. C\u2019est pourquoi nous sommes ravis d\u2019inaugurer cette nouvelle location \u00e0 Gembloux, et de participer ainsi au d\u00e9veloppement d\u2019un r\u00e9seau de mobilit\u00e9 plus durable en Belgique\u00a0\u00bb<\/em>, affirme\u00a0<strong>Tai Nguyen, Country Manager Belgium d\u2019Eranovum<\/strong>.\u00a0<em>\u00ab\u00a0Notre mission consiste \u00e0 offrir aux conducteurs de VE dans tout le pays un acc\u00e8s \u00e0 une infrastructure de recharge rapide et fiable, aliment\u00e9e par l\u2019\u00e9nergie verte. \u00bb<\/em>\u00a0<\/div><\/blockquote>\t\t\t\t\t\t\t\t<\/div>\n\t\t\t\t<\/div>\n\t\t\t\t<div class=\"elementor-element elementor-element-8bf5ae0 sc_fly_static elementor-widget elementor-widget-spacer\" data-id=\"8bf5ae0\" data-element_type=\"widget\" data-e-type=\"widget\" data-widget_type=\"spacer.default\">\n\t\t\t\t<div class=\"elementor-widget-container\">\n\t\t\t\t\t\t\t<div class=\"elementor-spacer\">\n\t\t\t<div class=\"elementor-spacer-inner\"><\/div>\n\t\t<\/div>\n\t\t\t\t\t\t<\/div>\n\t\t\t\t<\/div>\n\t\t\t\t<\/div>\n\t\t\t\t\t<\/div>\n\t\t\t\t<\/div>\n\t\t<div class=\"elementor-element elementor-element-cd0c935 e-flex e-con-boxed sc_layouts_column_icons_position_left e-con e-parent\" data-id=\"cd0c935\" data-element_type=\"container\" data-e-type=\"container\">\n\t\t\t\t\t<div class=\"e-con-inner\">\n\t\t<div class=\"elementor-element elementor-element-ad6a2c0 e-con-full e-flex sc_layouts_column_icons_position_left e-con e-child\" data-id=\"ad6a2c0\" data-element_type=\"container\" data-e-type=\"container\">\n\t\t\t\t<div class=\"elementor-element elementor-element-259bc43 elementor-widget__width-initial elementor-widget-tablet__width-initial sc_fly_static elementor-widget elementor-widget-image\" data-id=\"259bc43\" data-element_type=\"widget\" data-e-type=\"widget\" data-widget_type=\"image.default\">\n\t\t\t\t<div class=\"elementor-widget-container\">\n\t\t\t\t\t\t\t\t\t\t\t\t\t\t\t<img fetchpriority=\"high\" decoding=\"async\" width=\"1500\" height=\"900\" src=\"https:\/\/eranovum.energy\/wp-content\/uploads\/2025\/11\/eranovum-Delhaize-et-Brico-a-Gembloux.jpg\" class=\"attachment-full size-full wp-image-18233\" alt=\"\" \/>\t\t\t\t\t\t\t\t\t\t\t\t\t\t\t<\/div>\n\t\t\t\t<\/div>\n\t\t\t\t<\/div>\n\t\t\t\t\t<\/div>\n\t\t\t\t<\/div>\n\t\t<div class=\"elementor-element elementor-element-bb52777 e-flex e-con-boxed sc_layouts_column_icons_position_left e-con e-parent\" data-id=\"bb52777\" data-element_type=\"container\" data-e-type=\"container\">\n\t\t\t\t\t<div class=\"e-con-inner\">\n\t\t<div class=\"elementor-element elementor-element-cc79db8 e-con-full e-flex sc_layouts_column_icons_position_left e-con e-child\" data-id=\"cc79db8\" data-element_type=\"container\" data-e-type=\"container\">\n\t\t\t\t<div class=\"elementor-element elementor-element-5e6a928 sc_fly_static elementor-widget elementor-widget-spacer\" data-id=\"5e6a928\" data-element_type=\"widget\" data-e-type=\"widget\" data-widget_type=\"spacer.default\">\n\t\t\t\t<div class=\"elementor-widget-container\">\n\t\t\t\t\t\t\t<div class=\"elementor-spacer\">\n\t\t\t<div class=\"elementor-spacer-inner\"><\/div>\n\t\t<\/div>\n\t\t\t\t\t\t<\/div>\n\t\t\t\t<\/div>\n\t\t\t\t<div class=\"elementor-element elementor-element-6653162 sc_fly_static elementor-widget elementor-widget-text-editor\" data-id=\"6653162\" data-element_type=\"widget\" data-e-type=\"widget\" data-widget_type=\"text-editor.default\">\n\t\t\t\t<div class=\"elementor-widget-container\">\n\t\t\t\t\t\t\t\t\t<p><strong>Destination strat\u00e9gique<\/strong><\/p><p>Originaire d\u2019Espagne, Eranovum dispose d\u00e9j\u00e0 de plus de 1000 points de recharge en Espagne, en France et en Belgique. Le sp\u00e9cialiste de la recharge rapide opte d\u00e9lib\u00e9r\u00e9ment pour des emplacements situ\u00e9s \u00e0 des destinations strat\u00e9giques comme les restaurants, les supermarch\u00e9s et les centres commerciaux ou sportifs, plut\u00f4t que les aires d\u2019autoroute ou les parkings isol\u00e9s. Son approche repose sur une solution de recharge \u00e0 destination, o\u00f9 la vitesse de recharge est adapt\u00e9e au lieu et au temps de stationnement pr\u00e9vu. \u00c0 proximit\u00e9 d\u2019un club de padel ou d\u2019un terrain de sport, par exemple, le temps de recharge propos\u00e9 serait de 1 \u00e0 2 heures, alors qu\u2019il pourrait \u00eatre de 15 minutes sur le parking d\u2019un supermarch\u00e9. Gr\u00e2ce \u00e0 cette strat\u00e9gie, Eranovum se distingue de l\u2019approche standardis\u00e9e adopt\u00e9e par la plupart de ses concurrents. \u200b<\/p>\t\t\t\t\t\t\t\t<\/div>\n\t\t\t\t<\/div>\n\t\t\t\t<\/div>\n\t\t\t\t<div class=\"elementor-element elementor-element-85f38ed sc_fly_static elementor-widget elementor-widget-spacer\" data-id=\"85f38ed\" data-element_type=\"widget\" data-e-type=\"widget\" data-widget_type=\"spacer.default\">\n\t\t\t\t<div class=\"elementor-widget-container\">\n\t\t\t\t\t\t\t<div class=\"elementor-spacer\">\n\t\t\t<div class=\"elementor-spacer-inner\"><\/div>\n\t\t<\/div>\n\t\t\t\t\t\t<\/div>\n\t\t\t\t<\/div>\n\t\t\t\t\t<\/div>\n\t\t\t\t<\/div>\n\t\t\t\t<\/div>\n\t\t","protected":false},"excerpt":{"rendered":"<p>Gembloux, le 13 ao\u00fbt 2025 \u2013 Eranovum, l\u2019op\u00e9rateur europ\u00e9en de bornes de recharge qui se&hellip;<\/p>\n","protected":false},"author":1,"featured_media":18233,"comment_status":"closed","ping_status":"open","sticky":false,"template":"","format":"standard","meta":{"_stopmodifiedupdate":true,"_modified_date":"","_acf_changed":false,"footnotes":""},"categories":[346],"tags":[],"class_list":["post-18232","post","type-post","status-publish","format-standard","has-post-thumbnail","hentry","category-salle-de-presse"],"yoast_head":"<!-- This site is optimized with the Yoast SEO plugin v27.5 - https:\/\/yoast.com\/product\/yoast-seo-wordpress\/ -->\n<title>Eranovum ouvre 6 points de recharge rapide sur le parking de Delhaize et Brico \u00e0 Gembloux - Eranovum<\/title>\n<meta name=\"robots\" content=\"index, follow, max-snippet:-1, max-image-preview:large, max-video-preview:-1\" \/>\n<link rel=\"canonical\" href=\"https:\/\/eranovum.energy\/fr\/salle-de-presse\/eranovum-ouvre-6-points-de-recharge-rapide-sur-le-parking-de-delhaize-et-brico-a-gembloux\/\" \/>\n<meta property=\"og:locale\" content=\"fr_FR\" \/>\n<meta property=\"og:type\" content=\"article\" \/>\n<meta property=\"og:title\" content=\"Eranovum ouvre 6 points de recharge rapide sur le parking de Delhaize et Brico \u00e0 Gembloux - Eranovum\" \/>\n<meta property=\"og:description\" content=\"Gembloux, le 13 ao\u00fbt 2025 \u2013 Eranovum, l\u2019op\u00e9rateur europ\u00e9en de bornes de recharge qui se&hellip;\" \/>\n<meta property=\"og:url\" content=\"https:\/\/eranovum.energy\/fr\/salle-de-presse\/eranovum-ouvre-6-points-de-recharge-rapide-sur-le-parking-de-delhaize-et-brico-a-gembloux\/\" \/>\n<meta property=\"og:site_name\" content=\"Eranovum\" \/>\n<meta property=\"article:published_time\" content=\"2025-08-23T10:28:00+00:00\" \/>\n<meta property=\"og:image\" content=\"https:\/\/eranovum.energy\/wp-content\/uploads\/2025\/11\/eranovum-Delhaize-et-Brico-a-Gembloux.jpg\" \/>\n\t<meta property=\"og:image:width\" content=\"1500\" \/>\n\t<meta property=\"og:image:height\" content=\"900\" \/>\n\t<meta property=\"og:image:type\" content=\"image\/jpeg\" \/>\n<meta name=\"author\" content=\"quadrosphera\" \/>\n<meta name=\"twitter:card\" content=\"summary_large_image\" \/>\n<meta name=\"twitter:label1\" content=\"\u00c9crit par\" \/>\n\t<meta name=\"twitter:data1\" content=\"quadrosphera\" \/>\n\t<meta name=\"twitter:label2\" content=\"Dur\u00e9e de lecture estim\u00e9e\" \/>\n\t<meta name=\"twitter:data2\" content=\"2 minutes\" \/>\n<script type=\"application\/ld+json\" class=\"yoast-schema-graph\">{\"@context\":\"https:\\\/\\\/schema.org\",\"@graph\":[{\"@type\":\"Article\",\"@id\":\"https:\\\/\\\/eranovum.energy\\\/fr\\\/salle-de-presse\\\/eranovum-ouvre-6-points-de-recharge-rapide-sur-le-parking-de-delhaize-et-brico-a-gembloux\\\/#article\",\"isPartOf\":{\"@id\":\"https:\\\/\\\/eranovum.energy\\\/fr\\\/salle-de-presse\\\/eranovum-ouvre-6-points-de-recharge-rapide-sur-le-parking-de-delhaize-et-brico-a-gembloux\\\/\"},\"author\":{\"name\":\"quadrosphera\",\"@id\":\"https:\\\/\\\/eranovum.energy\\\/fr\\\/#\\\/schema\\\/person\\\/8899ee21829052240fb60fc9ce870a50\"},\"headline\":\"Eranovum ouvre 6 points de recharge rapide sur le parking de Delhaize et Brico \u00e0 Gembloux\",\"datePublished\":\"2025-08-23T10:28:00+00:00\",\"mainEntityOfPage\":{\"@id\":\"https:\\\/\\\/eranovum.energy\\\/fr\\\/salle-de-presse\\\/eranovum-ouvre-6-points-de-recharge-rapide-sur-le-parking-de-delhaize-et-brico-a-gembloux\\\/\"},\"wordCount\":495,\"publisher\":{\"@id\":\"https:\\\/\\\/eranovum.energy\\\/fr\\\/#organization\"},\"image\":{\"@id\":\"https:\\\/\\\/eranovum.energy\\\/fr\\\/salle-de-presse\\\/eranovum-ouvre-6-points-de-recharge-rapide-sur-le-parking-de-delhaize-et-brico-a-gembloux\\\/#primaryimage\"},\"thumbnailUrl\":\"https:\\\/\\\/eranovum.energy\\\/wp-content\\\/uploads\\\/2025\\\/11\\\/eranovum-Delhaize-et-Brico-a-Gembloux.jpg\",\"articleSection\":[\"Salle de presse\"],\"inLanguage\":\"fr-FR\"},{\"@type\":\"WebPage\",\"@id\":\"https:\\\/\\\/eranovum.energy\\\/fr\\\/salle-de-presse\\\/eranovum-ouvre-6-points-de-recharge-rapide-sur-le-parking-de-delhaize-et-brico-a-gembloux\\\/\",\"url\":\"https:\\\/\\\/eranovum.energy\\\/fr\\\/salle-de-presse\\\/eranovum-ouvre-6-points-de-recharge-rapide-sur-le-parking-de-delhaize-et-brico-a-gembloux\\\/\",\"name\":\"Eranovum ouvre 6 points de recharge rapide sur le parking de Delhaize et Brico \u00e0 Gembloux - Eranovum\",\"isPartOf\":{\"@id\":\"https:\\\/\\\/eranovum.energy\\\/fr\\\/#website\"},\"primaryImageOfPage\":{\"@id\":\"https:\\\/\\\/eranovum.energy\\\/fr\\\/salle-de-presse\\\/eranovum-ouvre-6-points-de-recharge-rapide-sur-le-parking-de-delhaize-et-brico-a-gembloux\\\/#primaryimage\"},\"image\":{\"@id\":\"https:\\\/\\\/eranovum.energy\\\/fr\\\/salle-de-presse\\\/eranovum-ouvre-6-points-de-recharge-rapide-sur-le-parking-de-delhaize-et-brico-a-gembloux\\\/#primaryimage\"},\"thumbnailUrl\":\"https:\\\/\\\/eranovum.energy\\\/wp-content\\\/uploads\\\/2025\\\/11\\\/eranovum-Delhaize-et-Brico-a-Gembloux.jpg\",\"datePublished\":\"2025-08-23T10:28:00+00:00\",\"breadcrumb\":{\"@id\":\"https:\\\/\\\/eranovum.energy\\\/fr\\\/salle-de-presse\\\/eranovum-ouvre-6-points-de-recharge-rapide-sur-le-parking-de-delhaize-et-brico-a-gembloux\\\/#breadcrumb\"},\"inLanguage\":\"fr-FR\",\"potentialAction\":[{\"@type\":\"ReadAction\",\"target\":[\"https:\\\/\\\/eranovum.energy\\\/fr\\\/salle-de-presse\\\/eranovum-ouvre-6-points-de-recharge-rapide-sur-le-parking-de-delhaize-et-brico-a-gembloux\\\/\"]}]},{\"@type\":\"ImageObject\",\"inLanguage\":\"fr-FR\",\"@id\":\"https:\\\/\\\/eranovum.energy\\\/fr\\\/salle-de-presse\\\/eranovum-ouvre-6-points-de-recharge-rapide-sur-le-parking-de-delhaize-et-brico-a-gembloux\\\/#primaryimage\",\"url\":\"https:\\\/\\\/eranovum.energy\\\/wp-content\\\/uploads\\\/2025\\\/11\\\/eranovum-Delhaize-et-Brico-a-Gembloux.jpg\",\"contentUrl\":\"https:\\\/\\\/eranovum.energy\\\/wp-content\\\/uploads\\\/2025\\\/11\\\/eranovum-Delhaize-et-Brico-a-Gembloux.jpg\",\"width\":1500,\"height\":900},{\"@type\":\"BreadcrumbList\",\"@id\":\"https:\\\/\\\/eranovum.energy\\\/fr\\\/salle-de-presse\\\/eranovum-ouvre-6-points-de-recharge-rapide-sur-le-parking-de-delhaize-et-brico-a-gembloux\\\/#breadcrumb\",\"itemListElement\":[{\"@type\":\"ListItem\",\"position\":1,\"name\":\"Home\",\"item\":\"https:\\\/\\\/eranovum.energy\\\/fr\\\/\"},{\"@type\":\"ListItem\",\"position\":2,\"name\":\"Eranovum ouvre 6 points de recharge rapide sur le parking de Delhaize et Brico \u00e0 Gembloux\"}]},{\"@type\":\"WebSite\",\"@id\":\"https:\\\/\\\/eranovum.energy\\\/fr\\\/#website\",\"url\":\"https:\\\/\\\/eranovum.energy\\\/fr\\\/\",\"name\":\"Eranovum\",\"description\":\"Leading the new era of energy\",\"publisher\":{\"@id\":\"https:\\\/\\\/eranovum.energy\\\/fr\\\/#organization\"},\"potentialAction\":[{\"@type\":\"SearchAction\",\"target\":{\"@type\":\"EntryPoint\",\"urlTemplate\":\"https:\\\/\\\/eranovum.energy\\\/fr\\\/?s={search_term_string}\"},\"query-input\":{\"@type\":\"PropertyValueSpecification\",\"valueRequired\":true,\"valueName\":\"search_term_string\"}}],\"inLanguage\":\"fr-FR\"},{\"@type\":\"Organization\",\"@id\":\"https:\\\/\\\/eranovum.energy\\\/fr\\\/#organization\",\"name\":\"Eranovum\",\"url\":\"https:\\\/\\\/eranovum.energy\\\/fr\\\/\",\"logo\":{\"@type\":\"ImageObject\",\"inLanguage\":\"fr-FR\",\"@id\":\"https:\\\/\\\/eranovum.energy\\\/fr\\\/#\\\/schema\\\/logo\\\/image\\\/\",\"url\":\"https:\\\/\\\/eranovum.energy\\\/wp-content\\\/uploads\\\/2022\\\/04\\\/cropped-eranovum-logo-web.png\",\"contentUrl\":\"https:\\\/\\\/eranovum.energy\\\/wp-content\\\/uploads\\\/2022\\\/04\\\/cropped-eranovum-logo-web.png\",\"width\":351,\"height\":41,\"caption\":\"Eranovum\"},\"image\":{\"@id\":\"https:\\\/\\\/eranovum.energy\\\/fr\\\/#\\\/schema\\\/logo\\\/image\\\/\"}},{\"@type\":\"Person\",\"@id\":\"https:\\\/\\\/eranovum.energy\\\/fr\\\/#\\\/schema\\\/person\\\/8899ee21829052240fb60fc9ce870a50\",\"name\":\"quadrosphera\",\"image\":{\"@type\":\"ImageObject\",\"inLanguage\":\"fr-FR\",\"@id\":\"https:\\\/\\\/secure.gravatar.com\\\/avatar\\\/bfa148e4674c11710ff73f8c29dc349dc77f5bc8cdcc356e0f0ea4497d2083df?s=96&d=mm&r=g\",\"url\":\"https:\\\/\\\/secure.gravatar.com\\\/avatar\\\/bfa148e4674c11710ff73f8c29dc349dc77f5bc8cdcc356e0f0ea4497d2083df?s=96&d=mm&r=g\",\"contentUrl\":\"https:\\\/\\\/secure.gravatar.com\\\/avatar\\\/bfa148e4674c11710ff73f8c29dc349dc77f5bc8cdcc356e0f0ea4497d2083df?s=96&d=mm&r=g\",\"caption\":\"quadrosphera\"},\"sameAs\":[\"https:\\\/\\\/eranovum.energy\"]}]}<\/script>\n<!-- \/ Yoast SEO plugin. -->","yoast_head_json":{"title":"Eranovum ouvre 6 points de recharge rapide sur le parking de Delhaize et Brico \u00e0 Gembloux - Eranovum","robots":{"index":"index","follow":"follow","max-snippet":"max-snippet:-1","max-image-preview":"max-image-preview:large","max-video-preview":"max-video-preview:-1"},"canonical":"https:\/\/eranovum.energy\/fr\/salle-de-presse\/eranovum-ouvre-6-points-de-recharge-rapide-sur-le-parking-de-delhaize-et-brico-a-gembloux\/","og_locale":"fr_FR","og_type":"article","og_title":"Eranovum ouvre 6 points de recharge rapide sur le parking de Delhaize et Brico \u00e0 Gembloux - Eranovum","og_description":"Gembloux, le 13 ao\u00fbt 2025 \u2013 Eranovum, l\u2019op\u00e9rateur europ\u00e9en de bornes de recharge qui se&hellip;","og_url":"https:\/\/eranovum.energy\/fr\/salle-de-presse\/eranovum-ouvre-6-points-de-recharge-rapide-sur-le-parking-de-delhaize-et-brico-a-gembloux\/","og_site_name":"Eranovum","article_published_time":"2025-08-23T10:28:00+00:00","og_image":[{"width":1500,"height":900,"url":"https:\/\/eranovum.energy\/wp-content\/uploads\/2025\/11\/eranovum-Delhaize-et-Brico-a-Gembloux.jpg","type":"image\/jpeg"}],"author":"quadrosphera","twitter_card":"summary_large_image","twitter_misc":{"\u00c9crit par":"quadrosphera","Dur\u00e9e de lecture estim\u00e9e":"2 minutes"},"schema":{"@context":"https:\/\/schema.org","@graph":[{"@type":"Article","@id":"https:\/\/eranovum.energy\/fr\/salle-de-presse\/eranovum-ouvre-6-points-de-recharge-rapide-sur-le-parking-de-delhaize-et-brico-a-gembloux\/#article","isPartOf":{"@id":"https:\/\/eranovum.energy\/fr\/salle-de-presse\/eranovum-ouvre-6-points-de-recharge-rapide-sur-le-parking-de-delhaize-et-brico-a-gembloux\/"},"author":{"name":"quadrosphera","@id":"https:\/\/eranovum.energy\/fr\/#\/schema\/person\/8899ee21829052240fb60fc9ce870a50"},"headline":"Eranovum ouvre 6 points de recharge rapide sur le parking de Delhaize et Brico \u00e0 Gembloux","datePublished":"2025-08-23T10:28:00+00:00","mainEntityOfPage":{"@id":"https:\/\/eranovum.energy\/fr\/salle-de-presse\/eranovum-ouvre-6-points-de-recharge-rapide-sur-le-parking-de-delhaize-et-brico-a-gembloux\/"},"wordCount":495,"publisher":{"@id":"https:\/\/eranovum.energy\/fr\/#organization"},"image":{"@id":"https:\/\/eranovum.energy\/fr\/salle-de-presse\/eranovum-ouvre-6-points-de-recharge-rapide-sur-le-parking-de-delhaize-et-brico-a-gembloux\/#primaryimage"},"thumbnailUrl":"https:\/\/eranovum.energy\/wp-content\/uploads\/2025\/11\/eranovum-Delhaize-et-Brico-a-Gembloux.jpg","articleSection":["Salle de presse"],"inLanguage":"fr-FR"},{"@type":"WebPage","@id":"https:\/\/eranovum.energy\/fr\/salle-de-presse\/eranovum-ouvre-6-points-de-recharge-rapide-sur-le-parking-de-delhaize-et-brico-a-gembloux\/","url":"https:\/\/eranovum.energy\/fr\/salle-de-presse\/eranovum-ouvre-6-points-de-recharge-rapide-sur-le-parking-de-delhaize-et-brico-a-gembloux\/","name":"Eranovum ouvre 6 points de recharge rapide sur le parking de Delhaize et Brico \u00e0 Gembloux - Eranovum","isPartOf":{"@id":"https:\/\/eranovum.energy\/fr\/#website"},"primaryImageOfPage":{"@id":"https:\/\/eranovum.energy\/fr\/salle-de-presse\/eranovum-ouvre-6-points-de-recharge-rapide-sur-le-parking-de-delhaize-et-brico-a-gembloux\/#primaryimage"},"image":{"@id":"https:\/\/eranovum.energy\/fr\/salle-de-presse\/eranovum-ouvre-6-points-de-recharge-rapide-sur-le-parking-de-delhaize-et-brico-a-gembloux\/#primaryimage"},"thumbnailUrl":"https:\/\/eranovum.energy\/wp-content\/uploads\/2025\/11\/eranovum-Delhaize-et-Brico-a-Gembloux.jpg","datePublished":"2025-08-23T10:28:00+00:00","breadcrumb":{"@id":"https:\/\/eranovum.energy\/fr\/salle-de-presse\/eranovum-ouvre-6-points-de-recharge-rapide-sur-le-parking-de-delhaize-et-brico-a-gembloux\/#breadcrumb"},"inLanguage":"fr-FR","potentialAction":[{"@type":"ReadAction","target":["https:\/\/eranovum.energy\/fr\/salle-de-presse\/eranovum-ouvre-6-points-de-recharge-rapide-sur-le-parking-de-delhaize-et-brico-a-gembloux\/"]}]},{"@type":"ImageObject","inLanguage":"fr-FR","@id":"https:\/\/eranovum.energy\/fr\/salle-de-presse\/eranovum-ouvre-6-points-de-recharge-rapide-sur-le-parking-de-delhaize-et-brico-a-gembloux\/#primaryimage","url":"https:\/\/eranovum.energy\/wp-content\/uploads\/2025\/11\/eranovum-Delhaize-et-Brico-a-Gembloux.jpg","contentUrl":"https:\/\/eranovum.energy\/wp-content\/uploads\/2025\/11\/eranovum-Delhaize-et-Brico-a-Gembloux.jpg","width":1500,"height":900},{"@type":"BreadcrumbList","@id":"https:\/\/eranovum.energy\/fr\/salle-de-presse\/eranovum-ouvre-6-points-de-recharge-rapide-sur-le-parking-de-delhaize-et-brico-a-gembloux\/#breadcrumb","itemListElement":[{"@type":"ListItem","position":1,"name":"Home","item":"https:\/\/eranovum.energy\/fr\/"},{"@type":"ListItem","position":2,"name":"Eranovum ouvre 6 points de recharge rapide sur le parking de Delhaize et Brico \u00e0 Gembloux"}]},{"@type":"WebSite","@id":"https:\/\/eranovum.energy\/fr\/#website","url":"https:\/\/eranovum.energy\/fr\/","name":"Eranovum","description":"Leading the new era of energy","publisher":{"@id":"https:\/\/eranovum.energy\/fr\/#organization"},"potentialAction":[{"@type":"SearchAction","target":{"@type":"EntryPoint","urlTemplate":"https:\/\/eranovum.energy\/fr\/?s={search_term_string}"},"query-input":{"@type":"PropertyValueSpecification","valueRequired":true,"valueName":"search_term_string"}}],"inLanguage":"fr-FR"},{"@type":"Organization","@id":"https:\/\/eranovum.energy\/fr\/#organization","name":"Eranovum","url":"https:\/\/eranovum.energy\/fr\/","logo":{"@type":"ImageObject","inLanguage":"fr-FR","@id":"https:\/\/eranovum.energy\/fr\/#\/schema\/logo\/image\/","url":"https:\/\/eranovum.energy\/wp-content\/uploads\/2022\/04\/cropped-eranovum-logo-web.png","contentUrl":"https:\/\/eranovum.energy\/wp-content\/uploads\/2022\/04\/cropped-eranovum-logo-web.png","width":351,"height":41,"caption":"Eranovum"},"image":{"@id":"https:\/\/eranovum.energy\/fr\/#\/schema\/logo\/image\/"}},{"@type":"Person","@id":"https:\/\/eranovum.energy\/fr\/#\/schema\/person\/8899ee21829052240fb60fc9ce870a50","name":"quadrosphera","image":{"@type":"ImageObject","inLanguage":"fr-FR","@id":"https:\/\/secure.gravatar.com\/avatar\/bfa148e4674c11710ff73f8c29dc349dc77f5bc8cdcc356e0f0ea4497d2083df?s=96&d=mm&r=g","url":"https:\/\/secure.gravatar.com\/avatar\/bfa148e4674c11710ff73f8c29dc349dc77f5bc8cdcc356e0f0ea4497d2083df?s=96&d=mm&r=g","contentUrl":"https:\/\/secure.gravatar.com\/avatar\/bfa148e4674c11710ff73f8c29dc349dc77f5bc8cdcc356e0f0ea4497d2083df?s=96&d=mm&r=g","caption":"quadrosphera"},"sameAs":["https:\/\/eranovum.energy"]}]}},"acf":[],"_links":{"self":[{"href":"https:\/\/eranovum.energy\/fr\/wp-json\/wp\/v2\/posts\/18232","targetHints":{"allow":["GET"]}}],"collection":[{"href":"https:\/\/eranovum.energy\/fr\/wp-json\/wp\/v2\/posts"}],"about":[{"href":"https:\/\/eranovum.energy\/fr\/wp-json\/wp\/v2\/types\/post"}],"author":[{"embeddable":true,"href":"https:\/\/eranovum.energy\/fr\/wp-json\/wp\/v2\/users\/1"}],"replies":[{"embeddable":true,"href":"https:\/\/eranovum.energy\/fr\/wp-json\/wp\/v2\/comments?post=18232"}],"version-history":[{"count":0,"href":"https:\/\/eranovum.energy\/fr\/wp-json\/wp\/v2\/posts\/18232\/revisions"}],"wp:featuredmedia":[{"embeddable":true,"href":"https:\/\/eranovum.energy\/fr\/wp-json\/wp\/v2\/media\/18233"}],"wp:attachment":[{"href":"https:\/\/eranovum.energy\/fr\/wp-json\/wp\/v2\/media?parent=18232"}],"wp:term":[{"taxonomy":"category","embeddable":true,"href":"https:\/\/eranovum.energy\/fr\/wp-json\/wp\/v2\/categories?post=18232"},{"taxonomy":"post_tag","embeddable":true,"href":"https:\/\/eranovum.energy\/fr\/wp-json\/wp\/v2\/tags?post=18232"}],"curies":[{"name":"wp","href":"https:\/\/api.w.org\/{rel}","templated":true}]}}