{"id":16728,"date":"2025-01-28T09:04:00","date_gmt":"2025-01-28T08:04:00","guid":{"rendered":"https:\/\/eranovum.energy\/?p=16728"},"modified":"2025-01-28T09:11:00","modified_gmt":"2025-01-28T09:11:00","slug":"loperateur-de-bornes-de-recharge-vertes-eranovum-souffle-sa-premiere-bougie-en-belgique-et-cible-1000-points-de-recharge-dici-trois-ans","status":"publish","type":"post","link":"https:\/\/eranovum.energy\/fr\/salle-de-presse\/loperateur-de-bornes-de-recharge-vertes-eranovum-souffle-sa-premiere-bougie-en-belgique-et-cible-1000-points-de-recharge-dici-trois-ans\/","title":{"rendered":"L\u2019op\u00e9rateur de bornes de recharge vertes Eranovum souffle sa premi\u00e8re bougie en Belgique et cible 1000+ points de recharge d\u2019ici trois ans"},"content":{"rendered":"\t\t<div data-elementor-type=\"wp-post\" data-elementor-id=\"16728\" class=\"elementor elementor-16728\">\n\t\t\t\t\t\t<section class=\"elementor-section elementor-top-section elementor-element elementor-element-a2c1329 elementor-section-boxed elementor-section-height-default elementor-section-height-default sc_fly_static\" data-id=\"a2c1329\" data-element_type=\"section\" data-e-type=\"section\">\n\t\t\t\t\t\t<div class=\"elementor-container elementor-column-gap-extended\">\n\t\t\t\t\t<div class=\"elementor-column elementor-col-100 elementor-top-column elementor-element elementor-element-ae44943 sc_content_align_inherit sc_layouts_column_icons_position_left sc_fly_static\" data-id=\"ae44943\" data-element_type=\"column\" data-e-type=\"column\">\n\t\t\t<div class=\"elementor-widget-wrap elementor-element-populated\">\n\t\t\t\t\t\t<div class=\"elementor-element elementor-element-40fea81 sc_fly_static elementor-widget elementor-widget-text-editor\" data-id=\"40fea81\" data-element_type=\"widget\" data-e-type=\"widget\" data-widget_type=\"text-editor.default\">\n\t\t\t\t<div class=\"elementor-widget-container\">\n\t\t\t\t\t\t\t\t\t<p>Interview with David Vallesp\u00edn, CEO of Eranovum e-Mobility<\/p>\t\t\t\t\t\t\t\t<\/div>\n\t\t\t\t<\/div>\n\t\t\t\t<div class=\"elementor-element elementor-element-67dcc92 sc_fly_static elementor-widget elementor-widget-spacer\" data-id=\"67dcc92\" data-element_type=\"widget\" data-e-type=\"widget\" data-widget_type=\"spacer.default\">\n\t\t\t\t<div class=\"elementor-widget-container\">\n\t\t\t\t\t\t\t<div class=\"elementor-spacer\">\n\t\t\t<div class=\"elementor-spacer-inner\"><\/div>\n\t\t<\/div>\n\t\t\t\t\t\t<\/div>\n\t\t\t\t<\/div>\n\t\t\t\t<div class=\"elementor-element elementor-element-d7a3fa8 sc_fly_static elementor-widget elementor-widget-text-editor\" data-id=\"d7a3fa8\" data-element_type=\"widget\" data-e-type=\"widget\" data-widget_type=\"text-editor.default\">\n\t\t\t\t<div class=\"elementor-widget-container\">\n\t\t\t\t\t\t\t\t\t<p><strong>Bruxelles, le 28 janvier 2025 \u2013 <\/strong>Eranovum, l\u2019op\u00e9rateur europ\u00e9en de bornes de recharge qui se distingue par ses solutions de recharge rapide \u00e9cologiques sur mesure, c\u00e9l\u00e8bre une premi\u00e8re ann\u00e9e particuli\u00e8rement r\u00e9ussie en Belgique. Avec d\u00e9j\u00e0 25 points de recharge op\u00e9rationnels, l\u2019entreprise entend conqu\u00e9rir le march\u00e9 belge dans les ann\u00e9es \u00e0 venir gr\u00e2ce \u00e0 une strat\u00e9gie m\u00fbrement r\u00e9fl\u00e9chie ax\u00e9e sur la recharge \u00e0 destination et une attention particuli\u00e8re au choix des emplacements, aliment\u00e9s par l\u2019\u00e9nergie solaire agrivolta\u00efque. Encore relativement peu exploit\u00e9e, la Wallonie repr\u00e9sente un march\u00e9 porteur pour Eranovum, qui voit \u00e9galement des opportunit\u00e9s en Flandre et \u00e0 Bruxelles.<\/p><p>Pas de bornes de recharge le long des autoroutes ou sur des parkings isol\u00e9s, mais \u00e0 des emplacements strat\u00e9giques \u00e0 proximit\u00e9 d\u2019\u00e9tablissements horeca, de supermarch\u00e9s et de centres commerciaux ou sportifs, avec des solutions sp\u00e9cifiques adapt\u00e9es au lieu et au loisir\u00a0: telle est la niche dans laquelle se positionne Eranovum. En mettant l\u2019accent sur la recharge \u00e0 destination sur mesure, o\u00f9 la vitesse de recharge est adapt\u00e9e \u00e0 la destination, l\u2019entreprise se distingue de l\u2019approche standardis\u00e9e adopt\u00e9e par la plupart de ses concurrents. \u00c0 proximit\u00e9 d\u2019un club de padel ou d\u2019un terrain de sport, par exemple, le temps de recharge propos\u00e9 serait de 1 \u00e0 2 heures, alors qu\u2019il pourrait \u00eatre de 15 minutes sur le parking d\u2019un supermarch\u00e9.<\/p>\t\t\t\t\t\t\t\t<\/div>\n\t\t\t\t<\/div>\n\t\t\t\t<div class=\"elementor-element elementor-element-3aaef28 sc_fly_static elementor-widget elementor-widget-spacer\" data-id=\"3aaef28\" data-element_type=\"widget\" data-e-type=\"widget\" data-widget_type=\"spacer.default\">\n\t\t\t\t<div class=\"elementor-widget-container\">\n\t\t\t\t\t\t\t<div class=\"elementor-spacer\">\n\t\t\t<div class=\"elementor-spacer-inner\"><\/div>\n\t\t<\/div>\n\t\t\t\t\t\t<\/div>\n\t\t\t\t<\/div>\n\t\t\t\t\t<\/div>\n\t\t<\/div>\n\t\t\t\t\t<\/div>\n\t\t<\/section>\n\t\t\t\t<section class=\"elementor-section elementor-top-section elementor-element elementor-element-3bffc05 elementor-section-content-middle elementor-section-boxed elementor-section-height-default elementor-section-height-default sc_fly_static\" data-id=\"3bffc05\" data-element_type=\"section\" data-e-type=\"section\">\n\t\t\t\t\t\t<div class=\"elementor-container elementor-column-gap-wider\">\n\t\t\t\t\t<div class=\"elementor-column elementor-col-50 elementor-top-column elementor-element elementor-element-da97480 sc_content_align_inherit sc_layouts_column_icons_position_left sc_fly_static\" data-id=\"da97480\" data-element_type=\"column\" data-e-type=\"column\">\n\t\t\t<div class=\"elementor-widget-wrap elementor-element-populated\">\n\t\t\t\t\t\t<div class=\"elementor-element elementor-element-3e7c37b sc_fly_static elementor-widget elementor-widget-image\" data-id=\"3e7c37b\" data-element_type=\"widget\" data-e-type=\"widget\" data-widget_type=\"image.default\">\n\t\t\t\t<div class=\"elementor-widget-container\">\n\t\t\t\t\t\t\t\t\t\t\t\t\t\t\t<img fetchpriority=\"high\" decoding=\"async\" width=\"1414\" height=\"1723\" src=\"https:\/\/eranovum.energy\/wp-content\/uploads\/2025\/04\/Eranovum-Belgique-tai-nguyen.jpg\" class=\"attachment-full size-full wp-image-16735\" alt=\"\" srcset=\"https:\/\/eranovum.energy\/wp-content\/uploads\/2025\/04\/Eranovum-Belgique-tai-nguyen.jpg 1414w, https:\/\/eranovum.energy\/wp-content\/uploads\/2025\/04\/Eranovum-Belgique-tai-nguyen-246x300.jpg 246w, https:\/\/eranovum.energy\/wp-content\/uploads\/2025\/04\/Eranovum-Belgique-tai-nguyen-840x1024.jpg 840w, https:\/\/eranovum.energy\/wp-content\/uploads\/2025\/04\/Eranovum-Belgique-tai-nguyen-768x936.jpg 768w, https:\/\/eranovum.energy\/wp-content\/uploads\/2025\/04\/Eranovum-Belgique-tai-nguyen-1261x1536.jpg 1261w, https:\/\/eranovum.energy\/wp-content\/uploads\/2025\/04\/Eranovum-Belgique-tai-nguyen-370x451.jpg 370w, https:\/\/eranovum.energy\/wp-content\/uploads\/2025\/04\/Eranovum-Belgique-tai-nguyen-410x500.jpg 410w, https:\/\/eranovum.energy\/wp-content\/uploads\/2025\/04\/Eranovum-Belgique-tai-nguyen-570x696.jpg 570w\" sizes=\"(max-width: 1414px) 100vw, 1414px\" \/>\t\t\t\t\t\t\t\t\t\t\t\t\t\t\t<\/div>\n\t\t\t\t<\/div>\n\t\t\t\t\t<\/div>\n\t\t<\/div>\n\t\t\t\t<div class=\"elementor-column elementor-col-50 elementor-top-column elementor-element elementor-element-98731cf sc_content_align_inherit sc_layouts_column_icons_position_left sc_fly_static\" data-id=\"98731cf\" data-element_type=\"column\" data-e-type=\"column\">\n\t\t\t<div class=\"elementor-widget-wrap elementor-element-populated\">\n\t\t\t\t\t\t<div class=\"elementor-element elementor-element-a2671c0 sc_fly_static elementor-widget elementor-widget-text-editor\" data-id=\"a2671c0\" data-element_type=\"widget\" data-e-type=\"widget\" data-widget_type=\"text-editor.default\">\n\t\t\t\t<div class=\"elementor-widget-container\">\n\t\t\t\t\t\t\t\t\t<p>\u00ab\u00a0<em>Apr\u00e8s un an, nous disposons d\u00e9j\u00e0 de 25 bornes de recharge op\u00e9rationnelles, r\u00e9parties sur cinq sites, et nous sommes totalement compatibles avec les principales cartes de recharge en Belgique. Un exploit\u00a0!<\/em>\u00a0\u00bb, souligne\u00a0<strong>Tai Nguyen, Country Manager Belgium d\u2019Eranovum.<\/strong>\u00a0\u00ab\u00a0<em>Nous avons \u00e9galement recrut\u00e9 une \u00e9quipe, d\u00e9velopp\u00e9 un r\u00e9seau de partenaires techniques comp\u00e9tents et conclu une multitude de nouveaux partenariats, afin d\u2019ouvrir de nouvelles stations de recharge sur les parkings de supermarch\u00e9s tels que Brico, Carrefour Market, D\u00e9litraiteur, Delhaize, Spar, etc. en 2025.<\/em>\u00a0<em>Nous ambitionnons, d\u2019ici trois ans, 1000+ stations de recharge dans toute la Belgique<\/em>. \u00bb\u00a0<\/p><p>\u00a0<\/p>\t\t\t\t\t\t\t\t<\/div>\n\t\t\t\t<\/div>\n\t\t\t\t\t<\/div>\n\t\t<\/div>\n\t\t\t\t\t<\/div>\n\t\t<\/section>\n\t\t\t\t<section class=\"elementor-section elementor-top-section elementor-element elementor-element-b6e886b elementor-section-boxed elementor-section-height-default elementor-section-height-default sc_fly_static\" data-id=\"b6e886b\" data-element_type=\"section\" data-e-type=\"section\">\n\t\t\t\t\t\t<div class=\"elementor-container elementor-column-gap-extended\">\n\t\t\t\t\t<div class=\"elementor-column elementor-col-100 elementor-top-column elementor-element elementor-element-c1a7440 sc_content_align_inherit sc_layouts_column_icons_position_left sc_fly_static\" data-id=\"c1a7440\" data-element_type=\"column\" data-e-type=\"column\">\n\t\t\t<div class=\"elementor-widget-wrap elementor-element-populated\">\n\t\t\t\t\t\t<div class=\"elementor-element elementor-element-991871d sc_fly_static elementor-widget elementor-widget-spacer\" data-id=\"991871d\" data-element_type=\"widget\" data-e-type=\"widget\" data-widget_type=\"spacer.default\">\n\t\t\t\t<div class=\"elementor-widget-container\">\n\t\t\t\t\t\t\t<div class=\"elementor-spacer\">\n\t\t\t<div class=\"elementor-spacer-inner\"><\/div>\n\t\t<\/div>\n\t\t\t\t\t\t<\/div>\n\t\t\t\t<\/div>\n\t\t\t\t<div class=\"elementor-element elementor-element-c39da01 sc_fly_static elementor-widget elementor-widget-text-editor\" data-id=\"c39da01\" data-element_type=\"widget\" data-e-type=\"widget\" data-widget_type=\"text-editor.default\">\n\t\t\t\t<div class=\"elementor-widget-container\">\n\t\t\t\t\t\t\t\t\t<p class=\"styles_headingTwo__PVB5O\">La dynamique est d\u00e9j\u00e0 bien pr\u00e9sente, estime le\u00a0<strong>Country Manager<\/strong>\u00a0<strong>Tai<\/strong>\u00a0<strong>Nguyen\u00a0:\u00a0<\/strong><em>\u00ab L\u2019adoption des v\u00e9hicules \u00e9lectriques en Belgique est \u00e9lev\u00e9e. La couverture g\u00e9n\u00e9rale reste toutefois insuffisante, particuli\u00e8rement en Wallonie o\u00f9 il existe encore d\u2019importantes lacunes en mati\u00e8re d\u2019infrastructure de recharge rapide. Il est essentiel de les combler si nous voulons acc\u00e9l\u00e9rer la transition vers l\u2019e-mobilit\u00e9, et cela repr\u00e9sente une opportunit\u00e9 pour nous. Nous voyons \u00e9galement des opportunit\u00e9s en Flandre, \u00e0 Bruxelles et dans les pays voisins. \u00c0 nous de les saisir\u00a0!\u00a0\u00bb<\/em><\/p><h3 class=\"styles_headingTwo__PVB5O\"><strong>Agrivolta\u00efque<\/strong><\/h3><p class=\"styles_paragraph__6o_o7\">Le choix d\u00e9lib\u00e9r\u00e9 d\u2019Eranovum en faveur de l\u2019\u00e9lectricit\u00e9 verte est un autre \u00e9l\u00e9ment important. En Espagne, l\u2019entreprise s\u2019appuie sur ses propres parcs solaires. En Belgique, elle a conclu une joint-venture avec le Belge EtherEnergy, leader europ\u00e9en de l\u2019\u00e9nergie agrivolta\u00efque. Ce concept novateur permet une double utilisation des terres agricoles : d\u2019une part pour l\u2019agriculture et d\u2019autre part pour la production d\u2019\u00e9nergie solaire. En attendant la mise en \u0153uvre compl\u00e8te de cette solution, Eranovum ach\u00e8te encore de l\u2019\u00e9nergie verte. \u00c0 terme, l\u2019entreprise esp\u00e8re \u00e9galement installer des panneaux solaires sur ses stations de recharge.<\/p><h3 class=\"styles_headingTwo__PVB5O\"><strong>Contrats \u00e0 long terme<\/strong><\/h3><p class=\"styles_paragraph__6o_o7\">En ce qui concerne les partenariats avec les gestionnaires de parkings et les propri\u00e9taires immobiliers, Eranovum mise sur des contrats \u00e0 long terme. L\u2019entreprise prend en charge tous les co\u00fbts d\u2019investissement, d\u2019exploitation et de maintenance. Seuls les b\u00e9n\u00e9fices sont partag\u00e9s.<\/p><p class=\"styles_paragraph__6o_o7\">Originaire d\u2019Espagne, Eranovum est \u00e9galement active en Belgique et en France. L\u2019entreprise dispose d\u00e9j\u00e0 de plus de 900 points de recharge op\u00e9rationnels et en d\u00e9veloppe actuellement plus de 2000 suppl\u00e9mentaires.<\/p>\t\t\t\t\t\t\t\t<\/div>\n\t\t\t\t<\/div>\n\t\t\t\t\t<\/div>\n\t\t<\/div>\n\t\t\t\t\t<\/div>\n\t\t<\/section>\n\t\t\t\t<\/div>\n\t\t","protected":false},"excerpt":{"rendered":"<p>Interview with David Vallesp\u00edn, CEO of Eranovum e-Mobility Bruxelles, le 28 janvier 2025 \u2013 Eranovum,&hellip;<\/p>\n","protected":false},"author":1,"featured_media":16731,"comment_status":"closed","ping_status":"open","sticky":false,"template":"","format":"standard","meta":{"_stopmodifiedupdate":true,"_modified_date":"","_acf_changed":false,"footnotes":""},"categories":[346],"tags":[],"class_list":["post-16728","post","type-post","status-publish","format-standard","has-post-thumbnail","hentry","category-salle-de-presse"],"yoast_head":"<!-- This site is optimized with the Yoast SEO plugin v27.5 - https:\/\/yoast.com\/product\/yoast-seo-wordpress\/ -->\n<title>L\u2019op\u00e9rateur de bornes de recharge vertes Eranovum souffle sa premi\u00e8re bougie en Belgique et cible 1000+ points de recharge d\u2019ici trois ans - Eranovum<\/title>\n<meta name=\"robots\" content=\"index, follow, max-snippet:-1, max-image-preview:large, max-video-preview:-1\" \/>\n<link rel=\"canonical\" href=\"https:\/\/eranovum.energy\/fr\/salle-de-presse\/loperateur-de-bornes-de-recharge-vertes-eranovum-souffle-sa-premiere-bougie-en-belgique-et-cible-1000-points-de-recharge-dici-trois-ans\/\" \/>\n<meta property=\"og:locale\" content=\"fr_FR\" \/>\n<meta property=\"og:type\" content=\"article\" \/>\n<meta property=\"og:title\" content=\"L\u2019op\u00e9rateur de bornes de recharge vertes Eranovum souffle sa premi\u00e8re bougie en Belgique et cible 1000+ points de recharge d\u2019ici trois ans - Eranovum\" \/>\n<meta property=\"og:description\" content=\"Interview with David Vallesp\u00edn, CEO of Eranovum e-Mobility Bruxelles, le 28 janvier 2025 \u2013 Eranovum,&hellip;\" \/>\n<meta property=\"og:url\" content=\"https:\/\/eranovum.energy\/fr\/salle-de-presse\/loperateur-de-bornes-de-recharge-vertes-eranovum-souffle-sa-premiere-bougie-en-belgique-et-cible-1000-points-de-recharge-dici-trois-ans\/\" \/>\n<meta property=\"og:site_name\" content=\"Eranovum\" \/>\n<meta property=\"article:published_time\" content=\"2025-01-28T08:04:00+00:00\" \/>\n<meta property=\"article:modified_time\" content=\"2025-01-28T09:11:00+00:00\" \/>\n<meta property=\"og:image\" content=\"https:\/\/eranovum.energy\/wp-content\/uploads\/2025\/04\/Eranovum-Belgique-1000-bornes-de-recharge.jpg\" \/>\n\t<meta property=\"og:image:width\" content=\"1500\" \/>\n\t<meta property=\"og:image:height\" content=\"900\" \/>\n\t<meta property=\"og:image:type\" content=\"image\/jpeg\" \/>\n<meta name=\"author\" content=\"quadrosphera\" \/>\n<meta name=\"twitter:card\" content=\"summary_large_image\" \/>\n<meta name=\"twitter:label1\" content=\"\u00c9crit par\" \/>\n\t<meta name=\"twitter:data1\" content=\"quadrosphera\" \/>\n\t<meta name=\"twitter:label2\" content=\"Dur\u00e9e de lecture estim\u00e9e\" \/>\n\t<meta name=\"twitter:data2\" content=\"3 minutes\" \/>\n<script type=\"application\/ld+json\" class=\"yoast-schema-graph\">{\"@context\":\"https:\\\/\\\/schema.org\",\"@graph\":[{\"@type\":\"Article\",\"@id\":\"https:\\\/\\\/eranovum.energy\\\/fr\\\/salle-de-presse\\\/loperateur-de-bornes-de-recharge-vertes-eranovum-souffle-sa-premiere-bougie-en-belgique-et-cible-1000-points-de-recharge-dici-trois-ans\\\/#article\",\"isPartOf\":{\"@id\":\"https:\\\/\\\/eranovum.energy\\\/fr\\\/salle-de-presse\\\/loperateur-de-bornes-de-recharge-vertes-eranovum-souffle-sa-premiere-bougie-en-belgique-et-cible-1000-points-de-recharge-dici-trois-ans\\\/\"},\"author\":{\"name\":\"quadrosphera\",\"@id\":\"https:\\\/\\\/eranovum.energy\\\/fr\\\/#\\\/schema\\\/person\\\/8899ee21829052240fb60fc9ce870a50\"},\"headline\":\"L\u2019op\u00e9rateur de bornes de recharge vertes Eranovum souffle sa premi\u00e8re bougie en Belgique et cible 1000+ points de recharge d\u2019ici trois ans\",\"datePublished\":\"2025-01-28T08:04:00+00:00\",\"dateModified\":\"2025-01-28T09:11:00+00:00\",\"mainEntityOfPage\":{\"@id\":\"https:\\\/\\\/eranovum.energy\\\/fr\\\/salle-de-presse\\\/loperateur-de-bornes-de-recharge-vertes-eranovum-souffle-sa-premiere-bougie-en-belgique-et-cible-1000-points-de-recharge-dici-trois-ans\\\/\"},\"wordCount\":670,\"publisher\":{\"@id\":\"https:\\\/\\\/eranovum.energy\\\/fr\\\/#organization\"},\"image\":{\"@id\":\"https:\\\/\\\/eranovum.energy\\\/fr\\\/salle-de-presse\\\/loperateur-de-bornes-de-recharge-vertes-eranovum-souffle-sa-premiere-bougie-en-belgique-et-cible-1000-points-de-recharge-dici-trois-ans\\\/#primaryimage\"},\"thumbnailUrl\":\"https:\\\/\\\/eranovum.energy\\\/wp-content\\\/uploads\\\/2025\\\/04\\\/Eranovum-Belgique-1000-bornes-de-recharge.jpg\",\"articleSection\":[\"Salle de presse\"],\"inLanguage\":\"fr-FR\"},{\"@type\":\"WebPage\",\"@id\":\"https:\\\/\\\/eranovum.energy\\\/fr\\\/salle-de-presse\\\/loperateur-de-bornes-de-recharge-vertes-eranovum-souffle-sa-premiere-bougie-en-belgique-et-cible-1000-points-de-recharge-dici-trois-ans\\\/\",\"url\":\"https:\\\/\\\/eranovum.energy\\\/fr\\\/salle-de-presse\\\/loperateur-de-bornes-de-recharge-vertes-eranovum-souffle-sa-premiere-bougie-en-belgique-et-cible-1000-points-de-recharge-dici-trois-ans\\\/\",\"name\":\"L\u2019op\u00e9rateur de bornes de recharge vertes Eranovum souffle sa premi\u00e8re bougie en Belgique et cible 1000+ points de recharge d\u2019ici trois ans - Eranovum\",\"isPartOf\":{\"@id\":\"https:\\\/\\\/eranovum.energy\\\/fr\\\/#website\"},\"primaryImageOfPage\":{\"@id\":\"https:\\\/\\\/eranovum.energy\\\/fr\\\/salle-de-presse\\\/loperateur-de-bornes-de-recharge-vertes-eranovum-souffle-sa-premiere-bougie-en-belgique-et-cible-1000-points-de-recharge-dici-trois-ans\\\/#primaryimage\"},\"image\":{\"@id\":\"https:\\\/\\\/eranovum.energy\\\/fr\\\/salle-de-presse\\\/loperateur-de-bornes-de-recharge-vertes-eranovum-souffle-sa-premiere-bougie-en-belgique-et-cible-1000-points-de-recharge-dici-trois-ans\\\/#primaryimage\"},\"thumbnailUrl\":\"https:\\\/\\\/eranovum.energy\\\/wp-content\\\/uploads\\\/2025\\\/04\\\/Eranovum-Belgique-1000-bornes-de-recharge.jpg\",\"datePublished\":\"2025-01-28T08:04:00+00:00\",\"dateModified\":\"2025-01-28T09:11:00+00:00\",\"breadcrumb\":{\"@id\":\"https:\\\/\\\/eranovum.energy\\\/fr\\\/salle-de-presse\\\/loperateur-de-bornes-de-recharge-vertes-eranovum-souffle-sa-premiere-bougie-en-belgique-et-cible-1000-points-de-recharge-dici-trois-ans\\\/#breadcrumb\"},\"inLanguage\":\"fr-FR\",\"potentialAction\":[{\"@type\":\"ReadAction\",\"target\":[\"https:\\\/\\\/eranovum.energy\\\/fr\\\/salle-de-presse\\\/loperateur-de-bornes-de-recharge-vertes-eranovum-souffle-sa-premiere-bougie-en-belgique-et-cible-1000-points-de-recharge-dici-trois-ans\\\/\"]}]},{\"@type\":\"ImageObject\",\"inLanguage\":\"fr-FR\",\"@id\":\"https:\\\/\\\/eranovum.energy\\\/fr\\\/salle-de-presse\\\/loperateur-de-bornes-de-recharge-vertes-eranovum-souffle-sa-premiere-bougie-en-belgique-et-cible-1000-points-de-recharge-dici-trois-ans\\\/#primaryimage\",\"url\":\"https:\\\/\\\/eranovum.energy\\\/wp-content\\\/uploads\\\/2025\\\/04\\\/Eranovum-Belgique-1000-bornes-de-recharge.jpg\",\"contentUrl\":\"https:\\\/\\\/eranovum.energy\\\/wp-content\\\/uploads\\\/2025\\\/04\\\/Eranovum-Belgique-1000-bornes-de-recharge.jpg\",\"width\":1500,\"height\":900},{\"@type\":\"BreadcrumbList\",\"@id\":\"https:\\\/\\\/eranovum.energy\\\/fr\\\/salle-de-presse\\\/loperateur-de-bornes-de-recharge-vertes-eranovum-souffle-sa-premiere-bougie-en-belgique-et-cible-1000-points-de-recharge-dici-trois-ans\\\/#breadcrumb\",\"itemListElement\":[{\"@type\":\"ListItem\",\"position\":1,\"name\":\"Home\",\"item\":\"https:\\\/\\\/eranovum.energy\\\/fr\\\/\"},{\"@type\":\"ListItem\",\"position\":2,\"name\":\"L\u2019op\u00e9rateur de bornes de recharge vertes Eranovum souffle sa premi\u00e8re bougie en Belgique et cible 1000+ points de recharge d\u2019ici trois ans\"}]},{\"@type\":\"WebSite\",\"@id\":\"https:\\\/\\\/eranovum.energy\\\/fr\\\/#website\",\"url\":\"https:\\\/\\\/eranovum.energy\\\/fr\\\/\",\"name\":\"Eranovum\",\"description\":\"Leading the new era of energy\",\"publisher\":{\"@id\":\"https:\\\/\\\/eranovum.energy\\\/fr\\\/#organization\"},\"potentialAction\":[{\"@type\":\"SearchAction\",\"target\":{\"@type\":\"EntryPoint\",\"urlTemplate\":\"https:\\\/\\\/eranovum.energy\\\/fr\\\/?s={search_term_string}\"},\"query-input\":{\"@type\":\"PropertyValueSpecification\",\"valueRequired\":true,\"valueName\":\"search_term_string\"}}],\"inLanguage\":\"fr-FR\"},{\"@type\":\"Organization\",\"@id\":\"https:\\\/\\\/eranovum.energy\\\/fr\\\/#organization\",\"name\":\"Eranovum\",\"url\":\"https:\\\/\\\/eranovum.energy\\\/fr\\\/\",\"logo\":{\"@type\":\"ImageObject\",\"inLanguage\":\"fr-FR\",\"@id\":\"https:\\\/\\\/eranovum.energy\\\/fr\\\/#\\\/schema\\\/logo\\\/image\\\/\",\"url\":\"https:\\\/\\\/eranovum.energy\\\/wp-content\\\/uploads\\\/2022\\\/04\\\/cropped-eranovum-logo-web.png\",\"contentUrl\":\"https:\\\/\\\/eranovum.energy\\\/wp-content\\\/uploads\\\/2022\\\/04\\\/cropped-eranovum-logo-web.png\",\"width\":351,\"height\":41,\"caption\":\"Eranovum\"},\"image\":{\"@id\":\"https:\\\/\\\/eranovum.energy\\\/fr\\\/#\\\/schema\\\/logo\\\/image\\\/\"}},{\"@type\":\"Person\",\"@id\":\"https:\\\/\\\/eranovum.energy\\\/fr\\\/#\\\/schema\\\/person\\\/8899ee21829052240fb60fc9ce870a50\",\"name\":\"quadrosphera\",\"image\":{\"@type\":\"ImageObject\",\"inLanguage\":\"fr-FR\",\"@id\":\"https:\\\/\\\/secure.gravatar.com\\\/avatar\\\/bfa148e4674c11710ff73f8c29dc349dc77f5bc8cdcc356e0f0ea4497d2083df?s=96&d=mm&r=g\",\"url\":\"https:\\\/\\\/secure.gravatar.com\\\/avatar\\\/bfa148e4674c11710ff73f8c29dc349dc77f5bc8cdcc356e0f0ea4497d2083df?s=96&d=mm&r=g\",\"contentUrl\":\"https:\\\/\\\/secure.gravatar.com\\\/avatar\\\/bfa148e4674c11710ff73f8c29dc349dc77f5bc8cdcc356e0f0ea4497d2083df?s=96&d=mm&r=g\",\"caption\":\"quadrosphera\"},\"sameAs\":[\"https:\\\/\\\/eranovum.energy\"]}]}<\/script>\n<!-- \/ Yoast SEO plugin. -->","yoast_head_json":{"title":"L\u2019op\u00e9rateur de bornes de recharge vertes Eranovum souffle sa premi\u00e8re bougie en Belgique et cible 1000+ points de recharge d\u2019ici trois ans - Eranovum","robots":{"index":"index","follow":"follow","max-snippet":"max-snippet:-1","max-image-preview":"max-image-preview:large","max-video-preview":"max-video-preview:-1"},"canonical":"https:\/\/eranovum.energy\/fr\/salle-de-presse\/loperateur-de-bornes-de-recharge-vertes-eranovum-souffle-sa-premiere-bougie-en-belgique-et-cible-1000-points-de-recharge-dici-trois-ans\/","og_locale":"fr_FR","og_type":"article","og_title":"L\u2019op\u00e9rateur de bornes de recharge vertes Eranovum souffle sa premi\u00e8re bougie en Belgique et cible 1000+ points de recharge d\u2019ici trois ans - Eranovum","og_description":"Interview with David Vallesp\u00edn, CEO of Eranovum e-Mobility Bruxelles, le 28 janvier 2025 \u2013 Eranovum,&hellip;","og_url":"https:\/\/eranovum.energy\/fr\/salle-de-presse\/loperateur-de-bornes-de-recharge-vertes-eranovum-souffle-sa-premiere-bougie-en-belgique-et-cible-1000-points-de-recharge-dici-trois-ans\/","og_site_name":"Eranovum","article_published_time":"2025-01-28T08:04:00+00:00","article_modified_time":"2025-01-28T09:11:00+00:00","og_image":[{"width":1500,"height":900,"url":"https:\/\/eranovum.energy\/wp-content\/uploads\/2025\/04\/Eranovum-Belgique-1000-bornes-de-recharge.jpg","type":"image\/jpeg"}],"author":"quadrosphera","twitter_card":"summary_large_image","twitter_misc":{"\u00c9crit par":"quadrosphera","Dur\u00e9e de lecture estim\u00e9e":"3 minutes"},"schema":{"@context":"https:\/\/schema.org","@graph":[{"@type":"Article","@id":"https:\/\/eranovum.energy\/fr\/salle-de-presse\/loperateur-de-bornes-de-recharge-vertes-eranovum-souffle-sa-premiere-bougie-en-belgique-et-cible-1000-points-de-recharge-dici-trois-ans\/#article","isPartOf":{"@id":"https:\/\/eranovum.energy\/fr\/salle-de-presse\/loperateur-de-bornes-de-recharge-vertes-eranovum-souffle-sa-premiere-bougie-en-belgique-et-cible-1000-points-de-recharge-dici-trois-ans\/"},"author":{"name":"quadrosphera","@id":"https:\/\/eranovum.energy\/fr\/#\/schema\/person\/8899ee21829052240fb60fc9ce870a50"},"headline":"L\u2019op\u00e9rateur de bornes de recharge vertes Eranovum souffle sa premi\u00e8re bougie en Belgique et cible 1000+ points de recharge d\u2019ici trois ans","datePublished":"2025-01-28T08:04:00+00:00","dateModified":"2025-01-28T09:11:00+00:00","mainEntityOfPage":{"@id":"https:\/\/eranovum.energy\/fr\/salle-de-presse\/loperateur-de-bornes-de-recharge-vertes-eranovum-souffle-sa-premiere-bougie-en-belgique-et-cible-1000-points-de-recharge-dici-trois-ans\/"},"wordCount":670,"publisher":{"@id":"https:\/\/eranovum.energy\/fr\/#organization"},"image":{"@id":"https:\/\/eranovum.energy\/fr\/salle-de-presse\/loperateur-de-bornes-de-recharge-vertes-eranovum-souffle-sa-premiere-bougie-en-belgique-et-cible-1000-points-de-recharge-dici-trois-ans\/#primaryimage"},"thumbnailUrl":"https:\/\/eranovum.energy\/wp-content\/uploads\/2025\/04\/Eranovum-Belgique-1000-bornes-de-recharge.jpg","articleSection":["Salle de presse"],"inLanguage":"fr-FR"},{"@type":"WebPage","@id":"https:\/\/eranovum.energy\/fr\/salle-de-presse\/loperateur-de-bornes-de-recharge-vertes-eranovum-souffle-sa-premiere-bougie-en-belgique-et-cible-1000-points-de-recharge-dici-trois-ans\/","url":"https:\/\/eranovum.energy\/fr\/salle-de-presse\/loperateur-de-bornes-de-recharge-vertes-eranovum-souffle-sa-premiere-bougie-en-belgique-et-cible-1000-points-de-recharge-dici-trois-ans\/","name":"L\u2019op\u00e9rateur de bornes de recharge vertes Eranovum souffle sa premi\u00e8re bougie en Belgique et cible 1000+ points de recharge d\u2019ici trois ans - Eranovum","isPartOf":{"@id":"https:\/\/eranovum.energy\/fr\/#website"},"primaryImageOfPage":{"@id":"https:\/\/eranovum.energy\/fr\/salle-de-presse\/loperateur-de-bornes-de-recharge-vertes-eranovum-souffle-sa-premiere-bougie-en-belgique-et-cible-1000-points-de-recharge-dici-trois-ans\/#primaryimage"},"image":{"@id":"https:\/\/eranovum.energy\/fr\/salle-de-presse\/loperateur-de-bornes-de-recharge-vertes-eranovum-souffle-sa-premiere-bougie-en-belgique-et-cible-1000-points-de-recharge-dici-trois-ans\/#primaryimage"},"thumbnailUrl":"https:\/\/eranovum.energy\/wp-content\/uploads\/2025\/04\/Eranovum-Belgique-1000-bornes-de-recharge.jpg","datePublished":"2025-01-28T08:04:00+00:00","dateModified":"2025-01-28T09:11:00+00:00","breadcrumb":{"@id":"https:\/\/eranovum.energy\/fr\/salle-de-presse\/loperateur-de-bornes-de-recharge-vertes-eranovum-souffle-sa-premiere-bougie-en-belgique-et-cible-1000-points-de-recharge-dici-trois-ans\/#breadcrumb"},"inLanguage":"fr-FR","potentialAction":[{"@type":"ReadAction","target":["https:\/\/eranovum.energy\/fr\/salle-de-presse\/loperateur-de-bornes-de-recharge-vertes-eranovum-souffle-sa-premiere-bougie-en-belgique-et-cible-1000-points-de-recharge-dici-trois-ans\/"]}]},{"@type":"ImageObject","inLanguage":"fr-FR","@id":"https:\/\/eranovum.energy\/fr\/salle-de-presse\/loperateur-de-bornes-de-recharge-vertes-eranovum-souffle-sa-premiere-bougie-en-belgique-et-cible-1000-points-de-recharge-dici-trois-ans\/#primaryimage","url":"https:\/\/eranovum.energy\/wp-content\/uploads\/2025\/04\/Eranovum-Belgique-1000-bornes-de-recharge.jpg","contentUrl":"https:\/\/eranovum.energy\/wp-content\/uploads\/2025\/04\/Eranovum-Belgique-1000-bornes-de-recharge.jpg","width":1500,"height":900},{"@type":"BreadcrumbList","@id":"https:\/\/eranovum.energy\/fr\/salle-de-presse\/loperateur-de-bornes-de-recharge-vertes-eranovum-souffle-sa-premiere-bougie-en-belgique-et-cible-1000-points-de-recharge-dici-trois-ans\/#breadcrumb","itemListElement":[{"@type":"ListItem","position":1,"name":"Home","item":"https:\/\/eranovum.energy\/fr\/"},{"@type":"ListItem","position":2,"name":"L\u2019op\u00e9rateur de bornes de recharge vertes Eranovum souffle sa premi\u00e8re bougie en Belgique et cible 1000+ points de recharge d\u2019ici trois ans"}]},{"@type":"WebSite","@id":"https:\/\/eranovum.energy\/fr\/#website","url":"https:\/\/eranovum.energy\/fr\/","name":"Eranovum","description":"Leading the new era of energy","publisher":{"@id":"https:\/\/eranovum.energy\/fr\/#organization"},"potentialAction":[{"@type":"SearchAction","target":{"@type":"EntryPoint","urlTemplate":"https:\/\/eranovum.energy\/fr\/?s={search_term_string}"},"query-input":{"@type":"PropertyValueSpecification","valueRequired":true,"valueName":"search_term_string"}}],"inLanguage":"fr-FR"},{"@type":"Organization","@id":"https:\/\/eranovum.energy\/fr\/#organization","name":"Eranovum","url":"https:\/\/eranovum.energy\/fr\/","logo":{"@type":"ImageObject","inLanguage":"fr-FR","@id":"https:\/\/eranovum.energy\/fr\/#\/schema\/logo\/image\/","url":"https:\/\/eranovum.energy\/wp-content\/uploads\/2022\/04\/cropped-eranovum-logo-web.png","contentUrl":"https:\/\/eranovum.energy\/wp-content\/uploads\/2022\/04\/cropped-eranovum-logo-web.png","width":351,"height":41,"caption":"Eranovum"},"image":{"@id":"https:\/\/eranovum.energy\/fr\/#\/schema\/logo\/image\/"}},{"@type":"Person","@id":"https:\/\/eranovum.energy\/fr\/#\/schema\/person\/8899ee21829052240fb60fc9ce870a50","name":"quadrosphera","image":{"@type":"ImageObject","inLanguage":"fr-FR","@id":"https:\/\/secure.gravatar.com\/avatar\/bfa148e4674c11710ff73f8c29dc349dc77f5bc8cdcc356e0f0ea4497d2083df?s=96&d=mm&r=g","url":"https:\/\/secure.gravatar.com\/avatar\/bfa148e4674c11710ff73f8c29dc349dc77f5bc8cdcc356e0f0ea4497d2083df?s=96&d=mm&r=g","contentUrl":"https:\/\/secure.gravatar.com\/avatar\/bfa148e4674c11710ff73f8c29dc349dc77f5bc8cdcc356e0f0ea4497d2083df?s=96&d=mm&r=g","caption":"quadrosphera"},"sameAs":["https:\/\/eranovum.energy"]}]}},"acf":[],"_links":{"self":[{"href":"https:\/\/eranovum.energy\/fr\/wp-json\/wp\/v2\/posts\/16728","targetHints":{"allow":["GET"]}}],"collection":[{"href":"https:\/\/eranovum.energy\/fr\/wp-json\/wp\/v2\/posts"}],"about":[{"href":"https:\/\/eranovum.energy\/fr\/wp-json\/wp\/v2\/types\/post"}],"author":[{"embeddable":true,"href":"https:\/\/eranovum.energy\/fr\/wp-json\/wp\/v2\/users\/1"}],"replies":[{"embeddable":true,"href":"https:\/\/eranovum.energy\/fr\/wp-json\/wp\/v2\/comments?post=16728"}],"version-history":[{"count":0,"href":"https:\/\/eranovum.energy\/fr\/wp-json\/wp\/v2\/posts\/16728\/revisions"}],"wp:featuredmedia":[{"embeddable":true,"href":"https:\/\/eranovum.energy\/fr\/wp-json\/wp\/v2\/media\/16731"}],"wp:attachment":[{"href":"https:\/\/eranovum.energy\/fr\/wp-json\/wp\/v2\/media?parent=16728"}],"wp:term":[{"taxonomy":"category","embeddable":true,"href":"https:\/\/eranovum.energy\/fr\/wp-json\/wp\/v2\/categories?post=16728"},{"taxonomy":"post_tag","embeddable":true,"href":"https:\/\/eranovum.energy\/fr\/wp-json\/wp\/v2\/tags?post=16728"}],"curies":[{"name":"wp","href":"https:\/\/api.w.org\/{rel}","templated":true}]}}