{"id":4217,"date":"2023-07-29T11:02:47","date_gmt":"2023-07-29T09:02:47","guid":{"rendered":"https:\/\/eranovum.energy\/?p=4217"},"modified":"2023-07-29T18:07:00","modified_gmt":"2023-07-29T18:07:00","slug":"eranovum-y-casa-gerardo-inauguran-dos-puntos-de-recarga-para-vehiculos-electricos-en-el-famoso-restaurante-asturiano-con-estrella-michelin","status":"publish","type":"post","link":"https:\/\/eranovum.energy\/es\/sala-de-prensa\/eranovum-y-casa-gerardo-inauguran-dos-puntos-de-recarga-para-vehiculos-electricos-en-el-famoso-restaurante-asturiano-con-estrella-michelin\/","title":{"rendered":"Eranovum y Casa Gerardo inauguran dos puntos de recarga para veh\u00edculos el\u00e9ctricos en el famoso restaurante asturiano con Estrella Michel\u00edn"},"content":{"rendered":"\t\t<div data-elementor-type=\"wp-post\" data-elementor-id=\"4217\" class=\"elementor elementor-4217\">\n\t\t\t\t\t\t<section class=\"elementor-section elementor-top-section elementor-element elementor-element-a2c1329 elementor-section-boxed elementor-section-height-default elementor-section-height-default sc_fly_static\" data-id=\"a2c1329\" data-element_type=\"section\" data-e-type=\"section\">\n\t\t\t\t\t\t<div class=\"elementor-container elementor-column-gap-extended\">\n\t\t\t\t\t<div class=\"elementor-column elementor-col-100 elementor-top-column elementor-element elementor-element-ae44943 sc_content_align_inherit sc_layouts_column_icons_position_left sc_fly_static\" data-id=\"ae44943\" data-element_type=\"column\" data-e-type=\"column\">\n\t\t\t<div class=\"elementor-widget-wrap elementor-element-populated\">\n\t\t\t\t\t\t<div class=\"elementor-element elementor-element-d7a3fa8 sc_fly_static elementor-widget elementor-widget-text-editor\" data-id=\"d7a3fa8\" data-element_type=\"widget\" data-e-type=\"widget\" data-widget_type=\"text-editor.default\">\n\t\t\t\t<div class=\"elementor-widget-container\">\n\t\t\t\t\t\t\t\t\t<p data-pm-slice=\"1 1 []\"><strong>Prendes, 29 de julio de 2023.<\/strong>\u00a0\u2013\u00a0Eranovum y Casa Gerardo han celebrado este martes la inauguraci\u00f3n de dos nuevos\u00a0puntos de recarga para veh\u00edculos el\u00e9ctricos en el famoso restaurante con Estrella Michelin que tiene en Asturias el chef Marcos Mor\u00e1n junto a su padre, Pedro Mor\u00e1n.<\/p><p>Fundado en 1882, Casa Gerardo lleva cinco generaciones de la misma familia defendiendo la autenticidad de la cocina asturiana con un perfecto equilibrio entre vanguardia y tradici\u00f3n. El restaurante ofrece una carta de tinte moderno, donde hay un apartado dedicado a los platos de cuchara, as\u00ed como dos apetecibles men\u00fas degustaci\u00f3n en los que brillan la imprescindible Fabada de Prendes y la famosa Crema de arroz con leche requemada.<\/p>\t\t\t\t\t\t\t\t<\/div>\n\t\t\t\t<\/div>\n\t\t\t\t<div class=\"elementor-element elementor-element-3aaef28 sc_fly_static elementor-widget elementor-widget-spacer\" data-id=\"3aaef28\" data-element_type=\"widget\" data-e-type=\"widget\" data-widget_type=\"spacer.default\">\n\t\t\t\t<div class=\"elementor-widget-container\">\n\t\t\t\t\t\t\t<div class=\"elementor-spacer\">\n\t\t\t<div class=\"elementor-spacer-inner\"><\/div>\n\t\t<\/div>\n\t\t\t\t\t\t<\/div>\n\t\t\t\t<\/div>\n\t\t\t\t\t<\/div>\n\t\t<\/div>\n\t\t\t\t\t<\/div>\n\t\t<\/section>\n\t\t\t\t<section class=\"elementor-section elementor-top-section elementor-element elementor-element-b622b6d elementor-section-content-middle elementor-section-boxed elementor-section-height-default elementor-section-height-default sc_fly_static\" data-id=\"b622b6d\" data-element_type=\"section\" data-e-type=\"section\">\n\t\t\t\t\t\t<div class=\"elementor-container elementor-column-gap-wider\">\n\t\t\t\t\t<div class=\"elementor-column elementor-col-100 elementor-top-column elementor-element elementor-element-02632b2 sc_content_align_inherit sc_layouts_column_icons_position_left sc_fly_static\" data-id=\"02632b2\" data-element_type=\"column\" data-e-type=\"column\">\n\t\t\t<div class=\"elementor-widget-wrap elementor-element-populated\">\n\t\t\t\t\t\t<div class=\"elementor-element elementor-element-38a8f3f sc_fly_static elementor-widget elementor-widget-image\" data-id=\"38a8f3f\" data-element_type=\"widget\" data-e-type=\"widget\" data-widget_type=\"image.default\">\n\t\t\t\t<div class=\"elementor-widget-container\">\n\t\t\t\t\t\t\t\t\t\t\t\t\t\t\t<img fetchpriority=\"high\" decoding=\"async\" width=\"1200\" height=\"627\" src=\"https:\/\/eranovum.energy\/wp-content\/uploads\/2023\/08\/Cargador-Casa-Gerardo-2.jpg\" class=\"attachment-full size-full wp-image-4218\" alt=\"\" srcset=\"https:\/\/eranovum.energy\/wp-content\/uploads\/2023\/08\/Cargador-Casa-Gerardo-2.jpg 1200w, https:\/\/eranovum.energy\/wp-content\/uploads\/2023\/08\/Cargador-Casa-Gerardo-2-300x157.jpg 300w, https:\/\/eranovum.energy\/wp-content\/uploads\/2023\/08\/Cargador-Casa-Gerardo-2-1024x535.jpg 1024w, https:\/\/eranovum.energy\/wp-content\/uploads\/2023\/08\/Cargador-Casa-Gerardo-2-768x401.jpg 768w, https:\/\/eranovum.energy\/wp-content\/uploads\/2023\/08\/Cargador-Casa-Gerardo-2-370x193.jpg 370w, https:\/\/eranovum.energy\/wp-content\/uploads\/2023\/08\/Cargador-Casa-Gerardo-2-840x439.jpg 840w, https:\/\/eranovum.energy\/wp-content\/uploads\/2023\/08\/Cargador-Casa-Gerardo-2-410x214.jpg 410w\" sizes=\"(max-width: 1200px) 100vw, 1200px\" \/>\t\t\t\t\t\t\t\t\t\t\t\t\t\t\t<\/div>\n\t\t\t\t<\/div>\n\t\t\t\t\t<\/div>\n\t\t<\/div>\n\t\t\t\t\t<\/div>\n\t\t<\/section>\n\t\t\t\t<section class=\"elementor-section elementor-top-section elementor-element elementor-element-b6e886b elementor-section-boxed elementor-section-height-default elementor-section-height-default sc_fly_static\" data-id=\"b6e886b\" data-element_type=\"section\" data-e-type=\"section\">\n\t\t\t\t\t\t<div class=\"elementor-container elementor-column-gap-extended\">\n\t\t\t\t\t<div class=\"elementor-column elementor-col-100 elementor-top-column elementor-element elementor-element-c1a7440 sc_content_align_inherit sc_layouts_column_icons_position_left sc_fly_static\" data-id=\"c1a7440\" data-element_type=\"column\" data-e-type=\"column\">\n\t\t\t<div class=\"elementor-widget-wrap elementor-element-populated\">\n\t\t\t\t\t\t<div class=\"elementor-element elementor-element-991871d sc_fly_static elementor-widget elementor-widget-spacer\" data-id=\"991871d\" data-element_type=\"widget\" data-e-type=\"widget\" data-widget_type=\"spacer.default\">\n\t\t\t\t<div class=\"elementor-widget-container\">\n\t\t\t\t\t\t\t<div class=\"elementor-spacer\">\n\t\t\t<div class=\"elementor-spacer-inner\"><\/div>\n\t\t<\/div>\n\t\t\t\t\t\t<\/div>\n\t\t\t\t<\/div>\n\t\t\t\t<div class=\"elementor-element elementor-element-c39da01 sc_fly_static elementor-widget elementor-widget-text-editor\" data-id=\"c39da01\" data-element_type=\"widget\" data-e-type=\"widget\" data-widget_type=\"text-editor.default\">\n\t\t\t\t<div class=\"elementor-widget-container\">\n\t\t\t\t\t\t\t\t\t<p>Eranovum, que est\u00e1 trabajando junto al sector p\u00fablico y privado para crear una red de puntos de recarga r\u00e1pida para veh\u00edculos el\u00e9ctricos alimentados por energ\u00eda 100% renovable a lo largo de todo el pa\u00eds, ya tiene firmados 141 puntos de recarga en 46 ubicaciones de Asturias y 1.600 puntos en toda Espa\u00f1a.<\/p><p>En palabras de Fernando \u00c1lvarez, delegado en el Norte de Espa\u00f1a de Eranovum e-mobility: \u201c<em>Es un honor poder inaugurar hoy estos puntos de recarga de alta potencia que permitir\u00e1 a los clientes de Casa Gerardo cargar sus veh\u00edculos con energ\u00eda totalmente limpia. Desde Eranovum seguimos en b\u00fasqueda de las mejores ubicaciones con el objetivo de crear una red de recarga para veh\u00edculos el\u00e9ctricos verdaderamente accesible para el usuario y que tenga en cuenta tanto a las zonas urbanas como al medio rural\u201d.<\/em><\/p><p>Por su parte, el chef Marcos Mor\u00e1n afirm\u00f3: \u201c<em>Estamos orgullosos de poder contribuir a acelerar el desarrollo de la movilidad sostenible en Asturias al tiempo que mejoramos la experiencia de nuestros clientes, quienes cada vez demandan m\u00e1s este tipo de servicios. A partir de ahora nuestros comensales podr\u00e1n cargar su veh\u00edculo el\u00e9ctrico mientras disfrutan de la mejor gastronom\u00eda asturiana, combinando tradici\u00f3n e innovaci\u00f3n<\/em>\u201d.<\/p>\t\t\t\t\t\t\t\t<\/div>\n\t\t\t\t<\/div>\n\t\t\t\t<div class=\"elementor-element elementor-element-c111318 sc_fly_static elementor-widget elementor-widget-spacer\" data-id=\"c111318\" data-element_type=\"widget\" data-e-type=\"widget\" data-widget_type=\"spacer.default\">\n\t\t\t\t<div class=\"elementor-widget-container\">\n\t\t\t\t\t\t\t<div class=\"elementor-spacer\">\n\t\t\t<div class=\"elementor-spacer-inner\"><\/div>\n\t\t<\/div>\n\t\t\t\t\t\t<\/div>\n\t\t\t\t<\/div>\n\t\t\t\t\t<\/div>\n\t\t<\/div>\n\t\t\t\t\t<\/div>\n\t\t<\/section>\n\t\t\t\t<\/div>\n\t\t","protected":false},"excerpt":{"rendered":"<p>Prendes, 29 de julio de 2023.\u00a0\u2013\u00a0Eranovum y Casa Gerardo han celebrado este martes la inauguraci\u00f3n&hellip;<\/p>\n","protected":false},"author":1,"featured_media":4218,"comment_status":"closed","ping_status":"open","sticky":false,"template":"","format":"standard","meta":{"_stopmodifiedupdate":false,"_modified_date":"","_acf_changed":false,"footnotes":""},"categories":[225],"tags":[235,253],"class_list":["post-4217","post","type-post","status-publish","format-standard","has-post-thumbnail","hentry","category-sala-de-prensa","tag-e-mobility-es","tag-vehiculos-electricos"],"yoast_head":"<!-- This site is optimized with the Yoast SEO plugin v27.5 - https:\/\/yoast.com\/product\/yoast-seo-wordpress\/ -->\n<title>Eranovum y Casa Gerardo inauguran dos puntos de recarga para veh\u00edculos el\u00e9ctricos en el famoso restaurante asturiano con Estrella Michel\u00edn - Eranovum<\/title>\n<meta name=\"robots\" content=\"index, follow, max-snippet:-1, max-image-preview:large, max-video-preview:-1\" \/>\n<link rel=\"canonical\" href=\"https:\/\/eranovum.energy\/es\/sala-de-prensa\/eranovum-y-casa-gerardo-inauguran-dos-puntos-de-recarga-para-vehiculos-electricos-en-el-famoso-restaurante-asturiano-con-estrella-michelin\/\" \/>\n<meta property=\"og:locale\" content=\"es_ES\" \/>\n<meta property=\"og:type\" content=\"article\" \/>\n<meta property=\"og:title\" content=\"Eranovum y Casa Gerardo inauguran dos puntos de recarga para veh\u00edculos el\u00e9ctricos en el famoso restaurante asturiano con Estrella Michel\u00edn - Eranovum\" \/>\n<meta property=\"og:description\" content=\"Prendes, 29 de julio de 2023.\u00a0\u2013\u00a0Eranovum y Casa Gerardo han celebrado este martes la inauguraci\u00f3n&hellip;\" \/>\n<meta property=\"og:url\" content=\"https:\/\/eranovum.energy\/es\/sala-de-prensa\/eranovum-y-casa-gerardo-inauguran-dos-puntos-de-recarga-para-vehiculos-electricos-en-el-famoso-restaurante-asturiano-con-estrella-michelin\/\" \/>\n<meta property=\"og:site_name\" content=\"Eranovum\" \/>\n<meta property=\"article:published_time\" content=\"2023-07-29T09:02:47+00:00\" \/>\n<meta property=\"article:modified_time\" content=\"2023-07-29T18:07:00+00:00\" \/>\n<meta property=\"og:image\" content=\"https:\/\/eranovum.energy\/wp-content\/uploads\/2023\/08\/Cargador-Casa-Gerardo-2.jpg\" \/>\n\t<meta property=\"og:image:width\" content=\"1200\" \/>\n\t<meta property=\"og:image:height\" content=\"627\" \/>\n\t<meta property=\"og:image:type\" content=\"image\/jpeg\" \/>\n<meta name=\"author\" content=\"quadrosphera\" \/>\n<meta name=\"twitter:card\" content=\"summary_large_image\" \/>\n<meta name=\"twitter:label1\" content=\"Escrito por\" \/>\n\t<meta name=\"twitter:data1\" content=\"quadrosphera\" \/>\n\t<meta name=\"twitter:label2\" content=\"Tiempo de lectura\" \/>\n\t<meta name=\"twitter:data2\" content=\"2 minutos\" \/>\n<script type=\"application\/ld+json\" class=\"yoast-schema-graph\">{\"@context\":\"https:\\\/\\\/schema.org\",\"@graph\":[{\"@type\":\"Article\",\"@id\":\"https:\\\/\\\/eranovum.energy\\\/es\\\/sala-de-prensa\\\/eranovum-y-casa-gerardo-inauguran-dos-puntos-de-recarga-para-vehiculos-electricos-en-el-famoso-restaurante-asturiano-con-estrella-michelin\\\/#article\",\"isPartOf\":{\"@id\":\"https:\\\/\\\/eranovum.energy\\\/es\\\/sala-de-prensa\\\/eranovum-y-casa-gerardo-inauguran-dos-puntos-de-recarga-para-vehiculos-electricos-en-el-famoso-restaurante-asturiano-con-estrella-michelin\\\/\"},\"author\":{\"name\":\"quadrosphera\",\"@id\":\"https:\\\/\\\/eranovum.energy\\\/es\\\/#\\\/schema\\\/person\\\/8899ee21829052240fb60fc9ce870a50\"},\"headline\":\"Eranovum y Casa Gerardo inauguran dos puntos de recarga para veh\u00edculos el\u00e9ctricos en el famoso restaurante asturiano con Estrella Michel\u00edn\",\"datePublished\":\"2023-07-29T09:02:47+00:00\",\"dateModified\":\"2023-07-29T18:07:00+00:00\",\"mainEntityOfPage\":{\"@id\":\"https:\\\/\\\/eranovum.energy\\\/es\\\/sala-de-prensa\\\/eranovum-y-casa-gerardo-inauguran-dos-puntos-de-recarga-para-vehiculos-electricos-en-el-famoso-restaurante-asturiano-con-estrella-michelin\\\/\"},\"wordCount\":357,\"publisher\":{\"@id\":\"https:\\\/\\\/eranovum.energy\\\/es\\\/#organization\"},\"image\":{\"@id\":\"https:\\\/\\\/eranovum.energy\\\/es\\\/sala-de-prensa\\\/eranovum-y-casa-gerardo-inauguran-dos-puntos-de-recarga-para-vehiculos-electricos-en-el-famoso-restaurante-asturiano-con-estrella-michelin\\\/#primaryimage\"},\"thumbnailUrl\":\"https:\\\/\\\/eranovum.energy\\\/wp-content\\\/uploads\\\/2023\\\/08\\\/Cargador-Casa-Gerardo-2.jpg\",\"keywords\":[\"E-mobility\",\"Veh\u00edculos el\u00e9ctricos\"],\"articleSection\":[\"Sala de Prensa\"],\"inLanguage\":\"es\"},{\"@type\":\"WebPage\",\"@id\":\"https:\\\/\\\/eranovum.energy\\\/es\\\/sala-de-prensa\\\/eranovum-y-casa-gerardo-inauguran-dos-puntos-de-recarga-para-vehiculos-electricos-en-el-famoso-restaurante-asturiano-con-estrella-michelin\\\/\",\"url\":\"https:\\\/\\\/eranovum.energy\\\/es\\\/sala-de-prensa\\\/eranovum-y-casa-gerardo-inauguran-dos-puntos-de-recarga-para-vehiculos-electricos-en-el-famoso-restaurante-asturiano-con-estrella-michelin\\\/\",\"name\":\"Eranovum y Casa Gerardo inauguran dos puntos de recarga para veh\u00edculos el\u00e9ctricos en el famoso restaurante asturiano con Estrella Michel\u00edn - Eranovum\",\"isPartOf\":{\"@id\":\"https:\\\/\\\/eranovum.energy\\\/es\\\/#website\"},\"primaryImageOfPage\":{\"@id\":\"https:\\\/\\\/eranovum.energy\\\/es\\\/sala-de-prensa\\\/eranovum-y-casa-gerardo-inauguran-dos-puntos-de-recarga-para-vehiculos-electricos-en-el-famoso-restaurante-asturiano-con-estrella-michelin\\\/#primaryimage\"},\"image\":{\"@id\":\"https:\\\/\\\/eranovum.energy\\\/es\\\/sala-de-prensa\\\/eranovum-y-casa-gerardo-inauguran-dos-puntos-de-recarga-para-vehiculos-electricos-en-el-famoso-restaurante-asturiano-con-estrella-michelin\\\/#primaryimage\"},\"thumbnailUrl\":\"https:\\\/\\\/eranovum.energy\\\/wp-content\\\/uploads\\\/2023\\\/08\\\/Cargador-Casa-Gerardo-2.jpg\",\"datePublished\":\"2023-07-29T09:02:47+00:00\",\"dateModified\":\"2023-07-29T18:07:00+00:00\",\"breadcrumb\":{\"@id\":\"https:\\\/\\\/eranovum.energy\\\/es\\\/sala-de-prensa\\\/eranovum-y-casa-gerardo-inauguran-dos-puntos-de-recarga-para-vehiculos-electricos-en-el-famoso-restaurante-asturiano-con-estrella-michelin\\\/#breadcrumb\"},\"inLanguage\":\"es\",\"potentialAction\":[{\"@type\":\"ReadAction\",\"target\":[\"https:\\\/\\\/eranovum.energy\\\/es\\\/sala-de-prensa\\\/eranovum-y-casa-gerardo-inauguran-dos-puntos-de-recarga-para-vehiculos-electricos-en-el-famoso-restaurante-asturiano-con-estrella-michelin\\\/\"]}]},{\"@type\":\"ImageObject\",\"inLanguage\":\"es\",\"@id\":\"https:\\\/\\\/eranovum.energy\\\/es\\\/sala-de-prensa\\\/eranovum-y-casa-gerardo-inauguran-dos-puntos-de-recarga-para-vehiculos-electricos-en-el-famoso-restaurante-asturiano-con-estrella-michelin\\\/#primaryimage\",\"url\":\"https:\\\/\\\/eranovum.energy\\\/wp-content\\\/uploads\\\/2023\\\/08\\\/Cargador-Casa-Gerardo-2.jpg\",\"contentUrl\":\"https:\\\/\\\/eranovum.energy\\\/wp-content\\\/uploads\\\/2023\\\/08\\\/Cargador-Casa-Gerardo-2.jpg\",\"width\":1200,\"height\":627},{\"@type\":\"BreadcrumbList\",\"@id\":\"https:\\\/\\\/eranovum.energy\\\/es\\\/sala-de-prensa\\\/eranovum-y-casa-gerardo-inauguran-dos-puntos-de-recarga-para-vehiculos-electricos-en-el-famoso-restaurante-asturiano-con-estrella-michelin\\\/#breadcrumb\",\"itemListElement\":[{\"@type\":\"ListItem\",\"position\":1,\"name\":\"Home\",\"item\":\"https:\\\/\\\/eranovum.energy\\\/es\\\/\"},{\"@type\":\"ListItem\",\"position\":2,\"name\":\"Eranovum y Casa Gerardo inauguran dos puntos de recarga para veh\u00edculos el\u00e9ctricos en el famoso restaurante asturiano con Estrella Michel\u00edn\"}]},{\"@type\":\"WebSite\",\"@id\":\"https:\\\/\\\/eranovum.energy\\\/es\\\/#website\",\"url\":\"https:\\\/\\\/eranovum.energy\\\/es\\\/\",\"name\":\"Eranovum\",\"description\":\"Leading the new era of energy\",\"publisher\":{\"@id\":\"https:\\\/\\\/eranovum.energy\\\/es\\\/#organization\"},\"potentialAction\":[{\"@type\":\"SearchAction\",\"target\":{\"@type\":\"EntryPoint\",\"urlTemplate\":\"https:\\\/\\\/eranovum.energy\\\/es\\\/?s={search_term_string}\"},\"query-input\":{\"@type\":\"PropertyValueSpecification\",\"valueRequired\":true,\"valueName\":\"search_term_string\"}}],\"inLanguage\":\"es\"},{\"@type\":\"Organization\",\"@id\":\"https:\\\/\\\/eranovum.energy\\\/es\\\/#organization\",\"name\":\"Eranovum\",\"url\":\"https:\\\/\\\/eranovum.energy\\\/es\\\/\",\"logo\":{\"@type\":\"ImageObject\",\"inLanguage\":\"es\",\"@id\":\"https:\\\/\\\/eranovum.energy\\\/es\\\/#\\\/schema\\\/logo\\\/image\\\/\",\"url\":\"https:\\\/\\\/eranovum.energy\\\/wp-content\\\/uploads\\\/2022\\\/04\\\/cropped-eranovum-logo-web.png\",\"contentUrl\":\"https:\\\/\\\/eranovum.energy\\\/wp-content\\\/uploads\\\/2022\\\/04\\\/cropped-eranovum-logo-web.png\",\"width\":351,\"height\":41,\"caption\":\"Eranovum\"},\"image\":{\"@id\":\"https:\\\/\\\/eranovum.energy\\\/es\\\/#\\\/schema\\\/logo\\\/image\\\/\"}},{\"@type\":\"Person\",\"@id\":\"https:\\\/\\\/eranovum.energy\\\/es\\\/#\\\/schema\\\/person\\\/8899ee21829052240fb60fc9ce870a50\",\"name\":\"quadrosphera\",\"image\":{\"@type\":\"ImageObject\",\"inLanguage\":\"es\",\"@id\":\"https:\\\/\\\/secure.gravatar.com\\\/avatar\\\/bfa148e4674c11710ff73f8c29dc349dc77f5bc8cdcc356e0f0ea4497d2083df?s=96&d=mm&r=g\",\"url\":\"https:\\\/\\\/secure.gravatar.com\\\/avatar\\\/bfa148e4674c11710ff73f8c29dc349dc77f5bc8cdcc356e0f0ea4497d2083df?s=96&d=mm&r=g\",\"contentUrl\":\"https:\\\/\\\/secure.gravatar.com\\\/avatar\\\/bfa148e4674c11710ff73f8c29dc349dc77f5bc8cdcc356e0f0ea4497d2083df?s=96&d=mm&r=g\",\"caption\":\"quadrosphera\"},\"sameAs\":[\"https:\\\/\\\/eranovum.energy\"]}]}<\/script>\n<!-- \/ Yoast SEO plugin. -->","yoast_head_json":{"title":"Eranovum y Casa Gerardo inauguran dos puntos de recarga para veh\u00edculos el\u00e9ctricos en el famoso restaurante asturiano con Estrella Michel\u00edn - Eranovum","robots":{"index":"index","follow":"follow","max-snippet":"max-snippet:-1","max-image-preview":"max-image-preview:large","max-video-preview":"max-video-preview:-1"},"canonical":"https:\/\/eranovum.energy\/es\/sala-de-prensa\/eranovum-y-casa-gerardo-inauguran-dos-puntos-de-recarga-para-vehiculos-electricos-en-el-famoso-restaurante-asturiano-con-estrella-michelin\/","og_locale":"es_ES","og_type":"article","og_title":"Eranovum y Casa Gerardo inauguran dos puntos de recarga para veh\u00edculos el\u00e9ctricos en el famoso restaurante asturiano con Estrella Michel\u00edn - Eranovum","og_description":"Prendes, 29 de julio de 2023.\u00a0\u2013\u00a0Eranovum y Casa Gerardo han celebrado este martes la inauguraci\u00f3n&hellip;","og_url":"https:\/\/eranovum.energy\/es\/sala-de-prensa\/eranovum-y-casa-gerardo-inauguran-dos-puntos-de-recarga-para-vehiculos-electricos-en-el-famoso-restaurante-asturiano-con-estrella-michelin\/","og_site_name":"Eranovum","article_published_time":"2023-07-29T09:02:47+00:00","article_modified_time":"2023-07-29T18:07:00+00:00","og_image":[{"width":1200,"height":627,"url":"https:\/\/eranovum.energy\/wp-content\/uploads\/2023\/08\/Cargador-Casa-Gerardo-2.jpg","type":"image\/jpeg"}],"author":"quadrosphera","twitter_card":"summary_large_image","twitter_misc":{"Escrito por":"quadrosphera","Tiempo de lectura":"2 minutos"},"schema":{"@context":"https:\/\/schema.org","@graph":[{"@type":"Article","@id":"https:\/\/eranovum.energy\/es\/sala-de-prensa\/eranovum-y-casa-gerardo-inauguran-dos-puntos-de-recarga-para-vehiculos-electricos-en-el-famoso-restaurante-asturiano-con-estrella-michelin\/#article","isPartOf":{"@id":"https:\/\/eranovum.energy\/es\/sala-de-prensa\/eranovum-y-casa-gerardo-inauguran-dos-puntos-de-recarga-para-vehiculos-electricos-en-el-famoso-restaurante-asturiano-con-estrella-michelin\/"},"author":{"name":"quadrosphera","@id":"https:\/\/eranovum.energy\/es\/#\/schema\/person\/8899ee21829052240fb60fc9ce870a50"},"headline":"Eranovum y Casa Gerardo inauguran dos puntos de recarga para veh\u00edculos el\u00e9ctricos en el famoso restaurante asturiano con Estrella Michel\u00edn","datePublished":"2023-07-29T09:02:47+00:00","dateModified":"2023-07-29T18:07:00+00:00","mainEntityOfPage":{"@id":"https:\/\/eranovum.energy\/es\/sala-de-prensa\/eranovum-y-casa-gerardo-inauguran-dos-puntos-de-recarga-para-vehiculos-electricos-en-el-famoso-restaurante-asturiano-con-estrella-michelin\/"},"wordCount":357,"publisher":{"@id":"https:\/\/eranovum.energy\/es\/#organization"},"image":{"@id":"https:\/\/eranovum.energy\/es\/sala-de-prensa\/eranovum-y-casa-gerardo-inauguran-dos-puntos-de-recarga-para-vehiculos-electricos-en-el-famoso-restaurante-asturiano-con-estrella-michelin\/#primaryimage"},"thumbnailUrl":"https:\/\/eranovum.energy\/wp-content\/uploads\/2023\/08\/Cargador-Casa-Gerardo-2.jpg","keywords":["E-mobility","Veh\u00edculos el\u00e9ctricos"],"articleSection":["Sala de Prensa"],"inLanguage":"es"},{"@type":"WebPage","@id":"https:\/\/eranovum.energy\/es\/sala-de-prensa\/eranovum-y-casa-gerardo-inauguran-dos-puntos-de-recarga-para-vehiculos-electricos-en-el-famoso-restaurante-asturiano-con-estrella-michelin\/","url":"https:\/\/eranovum.energy\/es\/sala-de-prensa\/eranovum-y-casa-gerardo-inauguran-dos-puntos-de-recarga-para-vehiculos-electricos-en-el-famoso-restaurante-asturiano-con-estrella-michelin\/","name":"Eranovum y Casa Gerardo inauguran dos puntos de recarga para veh\u00edculos el\u00e9ctricos en el famoso restaurante asturiano con Estrella Michel\u00edn - Eranovum","isPartOf":{"@id":"https:\/\/eranovum.energy\/es\/#website"},"primaryImageOfPage":{"@id":"https:\/\/eranovum.energy\/es\/sala-de-prensa\/eranovum-y-casa-gerardo-inauguran-dos-puntos-de-recarga-para-vehiculos-electricos-en-el-famoso-restaurante-asturiano-con-estrella-michelin\/#primaryimage"},"image":{"@id":"https:\/\/eranovum.energy\/es\/sala-de-prensa\/eranovum-y-casa-gerardo-inauguran-dos-puntos-de-recarga-para-vehiculos-electricos-en-el-famoso-restaurante-asturiano-con-estrella-michelin\/#primaryimage"},"thumbnailUrl":"https:\/\/eranovum.energy\/wp-content\/uploads\/2023\/08\/Cargador-Casa-Gerardo-2.jpg","datePublished":"2023-07-29T09:02:47+00:00","dateModified":"2023-07-29T18:07:00+00:00","breadcrumb":{"@id":"https:\/\/eranovum.energy\/es\/sala-de-prensa\/eranovum-y-casa-gerardo-inauguran-dos-puntos-de-recarga-para-vehiculos-electricos-en-el-famoso-restaurante-asturiano-con-estrella-michelin\/#breadcrumb"},"inLanguage":"es","potentialAction":[{"@type":"ReadAction","target":["https:\/\/eranovum.energy\/es\/sala-de-prensa\/eranovum-y-casa-gerardo-inauguran-dos-puntos-de-recarga-para-vehiculos-electricos-en-el-famoso-restaurante-asturiano-con-estrella-michelin\/"]}]},{"@type":"ImageObject","inLanguage":"es","@id":"https:\/\/eranovum.energy\/es\/sala-de-prensa\/eranovum-y-casa-gerardo-inauguran-dos-puntos-de-recarga-para-vehiculos-electricos-en-el-famoso-restaurante-asturiano-con-estrella-michelin\/#primaryimage","url":"https:\/\/eranovum.energy\/wp-content\/uploads\/2023\/08\/Cargador-Casa-Gerardo-2.jpg","contentUrl":"https:\/\/eranovum.energy\/wp-content\/uploads\/2023\/08\/Cargador-Casa-Gerardo-2.jpg","width":1200,"height":627},{"@type":"BreadcrumbList","@id":"https:\/\/eranovum.energy\/es\/sala-de-prensa\/eranovum-y-casa-gerardo-inauguran-dos-puntos-de-recarga-para-vehiculos-electricos-en-el-famoso-restaurante-asturiano-con-estrella-michelin\/#breadcrumb","itemListElement":[{"@type":"ListItem","position":1,"name":"Home","item":"https:\/\/eranovum.energy\/es\/"},{"@type":"ListItem","position":2,"name":"Eranovum y Casa Gerardo inauguran dos puntos de recarga para veh\u00edculos el\u00e9ctricos en el famoso restaurante asturiano con Estrella Michel\u00edn"}]},{"@type":"WebSite","@id":"https:\/\/eranovum.energy\/es\/#website","url":"https:\/\/eranovum.energy\/es\/","name":"Eranovum","description":"Leading the new era of energy","publisher":{"@id":"https:\/\/eranovum.energy\/es\/#organization"},"potentialAction":[{"@type":"SearchAction","target":{"@type":"EntryPoint","urlTemplate":"https:\/\/eranovum.energy\/es\/?s={search_term_string}"},"query-input":{"@type":"PropertyValueSpecification","valueRequired":true,"valueName":"search_term_string"}}],"inLanguage":"es"},{"@type":"Organization","@id":"https:\/\/eranovum.energy\/es\/#organization","name":"Eranovum","url":"https:\/\/eranovum.energy\/es\/","logo":{"@type":"ImageObject","inLanguage":"es","@id":"https:\/\/eranovum.energy\/es\/#\/schema\/logo\/image\/","url":"https:\/\/eranovum.energy\/wp-content\/uploads\/2022\/04\/cropped-eranovum-logo-web.png","contentUrl":"https:\/\/eranovum.energy\/wp-content\/uploads\/2022\/04\/cropped-eranovum-logo-web.png","width":351,"height":41,"caption":"Eranovum"},"image":{"@id":"https:\/\/eranovum.energy\/es\/#\/schema\/logo\/image\/"}},{"@type":"Person","@id":"https:\/\/eranovum.energy\/es\/#\/schema\/person\/8899ee21829052240fb60fc9ce870a50","name":"quadrosphera","image":{"@type":"ImageObject","inLanguage":"es","@id":"https:\/\/secure.gravatar.com\/avatar\/bfa148e4674c11710ff73f8c29dc349dc77f5bc8cdcc356e0f0ea4497d2083df?s=96&d=mm&r=g","url":"https:\/\/secure.gravatar.com\/avatar\/bfa148e4674c11710ff73f8c29dc349dc77f5bc8cdcc356e0f0ea4497d2083df?s=96&d=mm&r=g","contentUrl":"https:\/\/secure.gravatar.com\/avatar\/bfa148e4674c11710ff73f8c29dc349dc77f5bc8cdcc356e0f0ea4497d2083df?s=96&d=mm&r=g","caption":"quadrosphera"},"sameAs":["https:\/\/eranovum.energy"]}]}},"acf":[],"_links":{"self":[{"href":"https:\/\/eranovum.energy\/es\/wp-json\/wp\/v2\/posts\/4217","targetHints":{"allow":["GET"]}}],"collection":[{"href":"https:\/\/eranovum.energy\/es\/wp-json\/wp\/v2\/posts"}],"about":[{"href":"https:\/\/eranovum.energy\/es\/wp-json\/wp\/v2\/types\/post"}],"author":[{"embeddable":true,"href":"https:\/\/eranovum.energy\/es\/wp-json\/wp\/v2\/users\/1"}],"replies":[{"embeddable":true,"href":"https:\/\/eranovum.energy\/es\/wp-json\/wp\/v2\/comments?post=4217"}],"version-history":[{"count":0,"href":"https:\/\/eranovum.energy\/es\/wp-json\/wp\/v2\/posts\/4217\/revisions"}],"wp:featuredmedia":[{"embeddable":true,"href":"https:\/\/eranovum.energy\/es\/wp-json\/wp\/v2\/media\/4218"}],"wp:attachment":[{"href":"https:\/\/eranovum.energy\/es\/wp-json\/wp\/v2\/media?parent=4217"}],"wp:term":[{"taxonomy":"category","embeddable":true,"href":"https:\/\/eranovum.energy\/es\/wp-json\/wp\/v2\/categories?post=4217"},{"taxonomy":"post_tag","embeddable":true,"href":"https:\/\/eranovum.energy\/es\/wp-json\/wp\/v2\/tags?post=4217"}],"curies":[{"name":"wp","href":"https:\/\/api.w.org\/{rel}","templated":true}]}}