{"id":14382,"date":"2024-11-12T17:53:14","date_gmt":"2024-11-12T16:53:14","guid":{"rendered":"https:\/\/eranovum.energy\/?p=14382"},"modified":"2024-11-12T16:26:18","modified_gmt":"2024-11-12T16:26:18","slug":"cuanto-dura-la-bateria-de-un-coche-electrico-cual-es-su-vida-util","status":"publish","type":"post","link":"https:\/\/eranovum.energy\/es\/blog\/cuanto-dura-la-bateria-de-un-coche-electrico-cual-es-su-vida-util\/","title":{"rendered":"\u00bfCu\u00e1nto dura la bater\u00eda de un coche el\u00e9ctrico? \u00bfCu\u00e1l es su vida \u00fatil?"},"content":{"rendered":"\t\t<div data-elementor-type=\"wp-post\" data-elementor-id=\"14382\" class=\"elementor elementor-14382\">\n\t\t\t\t<div class=\"elementor-element elementor-element-e9d96ee e-flex e-con-boxed sc_layouts_column_icons_position_left e-con e-parent\" data-id=\"e9d96ee\" data-element_type=\"container\" data-e-type=\"container\">\n\t\t\t\t\t<div class=\"e-con-inner\">\n\t\t<div class=\"elementor-element elementor-element-b25c8b2 e-con-full e-flex sc_layouts_column_icons_position_left e-con e-child\" data-id=\"b25c8b2\" data-element_type=\"container\" data-e-type=\"container\">\n\t\t\t\t<div class=\"elementor-element elementor-element-86c481f sc_fly_static elementor-widget elementor-widget-button\" data-id=\"86c481f\" data-element_type=\"widget\" data-e-type=\"widget\" data-widget_type=\"button.default\">\n\t\t\t\t<div class=\"elementor-widget-container\">\n\t\t\t\t\t\t\t\t\t<div class=\"elementor-button-wrapper\">\n\t\t\t\t\t<a class=\"elementor-button elementor-button-link elementor-size-sm\" href=\"https:\/\/eranovum.energy\/es\/blog\/movilidad-sostenible\/\">\n\t\t\t\t\t\t<span class=\"elementor-button-content-wrapper\">\n\t\t\t\t\t\t\t\t\t<span class=\"elementor-button-text\">Movilidad Sostenible<\/span>\n\t\t\t\t\t<\/span>\n\t\t\t\t\t<\/a>\n\t\t\t\t<\/div>\n\t\t\t\t\t\t\t\t<\/div>\n\t\t\t\t<\/div>\n\t\t\t\t<div class=\"elementor-element elementor-element-f1c1f81 meta-fecha sc_fly_static elementor-widget elementor-widget-trx_sc_layouts_meta\" data-id=\"f1c1f81\" data-element_type=\"widget\" data-e-type=\"widget\" data-widget_type=\"trx_sc_layouts_meta.default\">\n\t\t\t\t<div class=\"elementor-widget-container\">\n\t\t\t\t\t<div   class=\"post_meta sc_layouts_meta sc_layouts_meta_default \">\n\t<div class=\"post_meta\"><span class=\"post_meta_item post_date\"><a href=\"https:\/\/eranovum.energy\/es\/blog\/cuanto-dura-la-bateria-de-un-coche-electrico-cual-es-su-vida-util\/\">12\/11\/2024<\/a><\/span><\/div><\/div>\t\t\t\t<\/div>\n\t\t\t\t<\/div>\n\t\t\t\t<\/div>\n\t\t\t\t<div class=\"elementor-element elementor-element-cc14623 sc_fly_static elementor-widget elementor-widget-spacer\" data-id=\"cc14623\" data-element_type=\"widget\" data-e-type=\"widget\" data-widget_type=\"spacer.default\">\n\t\t\t\t<div class=\"elementor-widget-container\">\n\t\t\t\t\t\t\t<div class=\"elementor-spacer\">\n\t\t\t<div class=\"elementor-spacer-inner\"><\/div>\n\t\t<\/div>\n\t\t\t\t\t\t<\/div>\n\t\t\t\t<\/div>\n\t\t\t\t\t<\/div>\n\t\t\t\t<\/div>\n\t\t\t\t<section class=\"elementor-section elementor-top-section elementor-element elementor-element-a2c1329 elementor-section-boxed elementor-section-height-default elementor-section-height-default sc_fly_static\" data-id=\"a2c1329\" data-element_type=\"section\" data-e-type=\"section\">\n\t\t\t\t\t\t<div class=\"elementor-container elementor-column-gap-extended\">\n\t\t\t\t\t<div class=\"elementor-column elementor-col-100 elementor-top-column elementor-element elementor-element-ae44943 sc_content_align_inherit sc_layouts_column_icons_position_left sc_fly_static\" data-id=\"ae44943\" data-element_type=\"column\" data-e-type=\"column\">\n\t\t\t<div class=\"elementor-widget-wrap elementor-element-populated\">\n\t\t\t\t\t\t<div class=\"elementor-element elementor-element-90ec193 sc_fly_static elementor-widget elementor-widget-text-editor\" data-id=\"90ec193\" data-element_type=\"widget\" data-e-type=\"widget\" data-widget_type=\"text-editor.default\">\n\t\t\t\t<div class=\"elementor-widget-container\">\n\t\t\t\t\t\t\t\t\t<p><span style=\"font-weight: 400;\">La<\/span><b> duraci\u00f3n y la vida \u00fatil de la bater\u00eda de un coche el\u00e9ctrico<\/b><span style=\"font-weight: 400;\"> son dos aspectos clave para cualquier usuario o futuro comprador de un VE. A medida que este tipo de transporte se populariza, las preguntas sobre<\/span> cu\u00e1nto tiempo puede durar una carga<span style=\"font-weight: 400;\"> o <\/span>cu\u00e1ntos a\u00f1os puede funcionar la bater\u00eda antes de necesitar reemplazo<span style=\"font-weight: 400;\"> son cada vez m\u00e1s frecuentes. Descubre los factores que influyen en la <\/span><b>autonom\u00eda de un coche el\u00e9ctrico,<\/b><span style=\"font-weight: 400;\"> la <\/span><b>vida \u00fatil de la bater\u00eda<\/b><span style=\"font-weight: 400;\"> y c\u00f3mo los conductores pueden maximizar su eficiencia a largo plazo.\u00a0<\/span><\/p><h2><b>Duraci\u00f3n de la bater\u00eda de un coche el\u00e9ctrico en t\u00e9rminos de autonom\u00eda<\/b><\/h2><p><span style=\"font-weight: 400;\">Cuando una persona se interesa por la <\/span>duraci\u00f3n de una bater\u00eda de coche el\u00e9ctrico<span style=\"font-weight: 400;\"> generalmente se refiere a la <\/span>autonom\u00eda que puede ofrecer una carga completa sin necesidad de repostar<span style=\"font-weight: 400;\">, o lo que es lo mismo, cu\u00e1ntos kil\u00f3metros puede recorrer un coche el\u00e9ctrico. Para resolver esta cuesti\u00f3n hay que fijarse en <\/span><b>cuatro factores que determinan esa autonom\u00eda<\/b><span style=\"font-weight: 400;\">:\u00a0<\/span><b><\/b><\/p><ul><li aria-level=\"1\"><h3><b>Capacidad de la bater\u00eda de un coche el\u00e9ctrico<\/b><\/h3><\/li><\/ul><p><span style=\"font-weight: 400;\">La autonom\u00eda depende en gran medida de la <\/span><b>capacidad de la bater\u00eda,<\/b><span style=\"font-weight: 400;\"> que se mide en kilovatios hora (kWh): cuanto mayor sea, superior ser\u00e1 tambi\u00e9n la distancia que se puede recorrer. Por ejemplo, un coche con una bater\u00eda de 40 kWh puede transitar entre 200 y 300 kil\u00f3metros, dependiendo de las condiciones. En cambio, veh\u00edculos con bater\u00edas de 100 kWh superan los 600 kil\u00f3metros de distancia.<\/span><b><\/b><\/p><ul><li aria-level=\"1\"><h3><b>Estilo de conducci\u00f3n del veh\u00edculo el\u00e9ctrico<\/b><\/h3><\/li><\/ul><p><b>Conducciones agresivas<\/b><span style=\"font-weight: 400;\">, con aceleraciones y frenadas bruscas, pueden reducir la autonom\u00eda significativamente.<\/span><b><\/b><\/p><ul><li aria-level=\"1\"><h3><b>Condiciones clim\u00e1ticas durante el trayecto<\/b><\/h3><\/li><\/ul><p><span style=\"font-weight: 400;\">Las <\/span><b>temperaturas extremas<\/b><span style=\"font-weight: 400;\">, tanto muy fr\u00edas como muy c\u00e1lidas, pueden afectar al rendimiento de la bater\u00eda.\u00a0<\/span><b><\/b><\/p><ul><li aria-level=\"1\"><h3><b>Uso de sistemas auxiliares en el coche el\u00e9ctrico<\/b><\/h3><\/li><\/ul><p><span style=\"font-weight: 400;\">Elementos como el aire acondicionado o la calefacci\u00f3n tambi\u00e9n determinan la cantidad de energ\u00eda que se utiliza durante la conducci\u00f3n.<\/span><span style=\"font-weight: 400;\"><br \/><\/span><\/p><h2><b>\u00bfCu\u00e1l es la vida \u00fatil de la bater\u00eda de un coche el\u00e9ctrico?<\/b><\/h2><p><span style=\"font-weight: 400;\">La <\/span><b>vida \u00fatil de una bater\u00eda<\/b><span style=\"font-weight: 400;\"> se refiere al tiempo que puede seguir ofreciendo un rendimiento adecuado antes de que su capacidad se degrade. Este concepto se relaciona con la <\/span><b>cantidad de ciclos de carga completos<\/b><span style=\"font-weight: 400;\"> que puede soportar la bater\u00eda antes de que comience a desgastarse.\u00a0<\/span><\/p><p><span style=\"font-weight: 400;\">La mayor\u00eda de los fabricantes estiman <\/span><b>una vida \u00fatil de entre 15 y 20 a\u00f1os,<\/b><span style=\"font-weight: 400;\"> muy parecida al tiempo de funcionamiento en \u00f3ptimas condiciones del propio veh\u00edculo. Por ello, lo m\u00e1s habitual es que no sea necesario cambiar la bater\u00eda del coche el\u00e9ctrico en ninguna ocasi\u00f3n.\u00a0<\/span><\/p><p><span style=\"font-weight: 400;\">A la edad del turismo, se suma otro criterio implicado en esa vida \u00fatil: el <\/span><b>n\u00famero de kil\u00f3metros<\/b><span style=\"font-weight: 400;\">, estimado entre 150.000-<\/span><span style=\"font-weight: 400;\">300.000. Un intervalo que, una vez sobrepasado, puede provocar que la bater\u00eda empiece a mostrar una<\/span><b> reducci\u00f3n significativa en su rendimiento<\/b><span style=\"font-weight: 400;\">.<\/span><\/p><h3><b>\u00bfQu\u00e9 es un ciclo de carga en un veh\u00edculo el\u00e9ctrico?\u00a0<\/b><\/h3><p><span style=\"font-weight: 400;\">Las bater\u00edas de los coches el\u00e9ctricos, al estar fabricadas de <\/span><b>iones de litio<\/b><span style=\"font-weight: 400;\">, funcionan en ciclos de carga. Un <\/span><b>ciclo se completa<\/b><span style=\"font-weight: 400;\"> cuando se descarga \u00edntegramente la bater\u00eda y se recarga al 100%.\u00a0<\/span><\/p><h3><b>\u00bfQu\u00e9 consecuencias tiene la degradaci\u00f3n de la bater\u00eda del VE?\u00a0<\/b><\/h3><p><span style=\"font-weight: 400;\">Con el tiempo, las bater\u00edas pierden capacidad, lo que se conoce como <\/span><b>degradaci\u00f3n<\/b><span style=\"font-weight: 400;\">. Generalmente, se espera que una bater\u00eda conserve entre el<\/span><b> 70% y el 80% de sus prestaciones originales despu\u00e9s de los primeros 8 a 10 a\u00f1os de uso<\/b><span style=\"font-weight: 400;\">. Este proceso es natural y no significa que la bater\u00eda haya dejado de funcionar, sino que su autonom\u00eda ser\u00e1 menor a medida que envejece.<\/span><\/p><h3><b>\u00bfTienen garant\u00eda las bater\u00edas de los coches el\u00e9ctricos?\u00a0<\/b><\/h3><p><span style=\"font-weight: 400;\">S\u00ed, muchos fabricantes de coches el\u00e9ctricos ofrecen garant\u00edas para las bater\u00edas, que <\/span><b>suelen cubrir entre 8 y 10 a\u00f1os o hasta 160.000 kil\u00f3metros<\/b><span style=\"font-weight: 400;\">. Durante este per\u00edodo, la mayor\u00eda de las marcas garantizan que la bater\u00eda mantendr\u00e1 una capacidad m\u00ednima de <\/span><b>alrededor del 70%. <\/b><span style=\"font-weight: 400;\">Esta cobertura brinda tranquilidad a los propietarios, ya que si la bater\u00eda muestra un deterioro considerable durante el per\u00edodo de garant\u00eda, el fabricante reemplazar\u00e1 o reparar\u00e1 la bater\u00eda.<\/span><\/p><h2><b>\u00bfC\u00f3mo prolongar la vida \u00fatil de la bater\u00eda del veh\u00edculo el\u00e9ctrico?<\/b><\/h2><p><span style=\"font-weight: 400;\">Aunque la degradaci\u00f3n es inevitable, hay ciertas buenas pr\u00e1cticas que los conductores pueden seguir para <\/span><b>maximizar la vida \u00fatil de la bater\u00eda de su coche el\u00e9ctrico<\/b><span style=\"font-weight: 400;\">:<\/span><\/p><ul><li style=\"font-weight: 400;\" aria-level=\"1\"><b>Evitar las temperaturas extremas<\/b><span style=\"font-weight: 400;\">. Las bater\u00edas de los coches el\u00e9ctricos son sensibles a los cambios bruscos del term\u00f3metro. Aparcar en lugares sombreados en ambientes c\u00e1lidos o utilizar sistemas de precalentamiento en climas fr\u00edos puede ayudar a proteger la bater\u00eda.<\/span><\/li><li style=\"font-weight: 400;\" aria-level=\"1\"><b>Cargar de forma eficiente<\/b><span style=\"font-weight: 400;\">. Mantener la carga en un rango entre el 20% y el 80% es una pr\u00e1ctica recomendada por muchos fabricantes.<\/span><\/li><li style=\"font-weight: 400;\" aria-level=\"1\"><b>Minimizar el uso de la carga r\u00e1pida<\/b><span style=\"font-weight: 400;\">. Este tipo de carga genera m\u00e1s calor que la convencional, lo que puede acelerar el desgaste de la bater\u00eda si se utiliza con frecuencia. Alternar entre <\/span><a href=\"https:\/\/eranovum.energy\/es\/blog\/tecnologia\/tipos-de-cargadores-para-coches-electricos\/\"><span style=\"font-weight: 400;\">carga r\u00e1pida y lenta<\/span><\/a><span style=\"font-weight: 400;\"> puede ser una buena estrategia para protegerla.<\/span><\/li><\/ul><h2><b>Carga tu VE con Eranovum, \u00a1ofrecemos los precios m\u00e1s competitivos del mercado!\u00a0<\/b><\/h2><p><span style=\"font-weight: 400;\">Como hemos visto, la duraci\u00f3n y la vida \u00fatil de la bater\u00eda de un coche el\u00e9ctrico dependen de varios factores, pero con un <\/span><b>mantenimiento adecuado<\/b><span style=\"font-weight: 400;\">, las bater\u00edas se pueden prolongar durante mucho tiempo.<\/span><\/p><p><span style=\"font-weight: 400;\">En Eranovum contamos con una amplia <\/span><a href=\"https:\/\/eranovum.energy\/es\/nuestra-red\/\" target=\"_blank\" rel=\"noopener\"><span style=\"font-weight: 400;\">red de cargadores<\/span><\/a><span style=\"font-weight: 400;\"> para tu veh\u00edculo el\u00e9ctrico abastecidos con energ\u00eda 100% renovable. Consulta <\/span><a href=\"https:\/\/eranovum.energy\/es\/nuestras-tarifas\/\" target=\"_blank\" rel=\"noopener\"><span style=\"font-weight: 400;\">nuestras tarifas<\/span><\/a><span style=\"font-weight: 400;\">, son las m\u00e1s competitivas del mercado. <\/span><\/p>\t\t\t\t\t\t\t\t<\/div>\n\t\t\t\t<\/div>\n\t\t\t\t<div class=\"elementor-element elementor-element-07a9e3e sc_fly_static elementor-widget elementor-widget-spacer\" data-id=\"07a9e3e\" data-element_type=\"widget\" data-e-type=\"widget\" data-widget_type=\"spacer.default\">\n\t\t\t\t<div class=\"elementor-widget-container\">\n\t\t\t\t\t\t\t<div class=\"elementor-spacer\">\n\t\t\t<div class=\"elementor-spacer-inner\"><\/div>\n\t\t<\/div>\n\t\t\t\t\t\t<\/div>\n\t\t\t\t<\/div>\n\t\t\t\t\t<\/div>\n\t\t<\/div>\n\t\t\t\t\t<\/div>\n\t\t<\/section>\n\t\t<div class=\"elementor-element elementor-element-b79ca82 e-con-full e-flex sc_layouts_column_icons_position_left e-con e-parent\" data-id=\"b79ca82\" data-element_type=\"container\" data-e-type=\"container\">\n\t\t\t\t<div class=\"elementor-element elementor-element-8760e51 sc_fly_static elementor-widget elementor-widget-shortcode\" data-id=\"8760e51\" data-element_type=\"widget\" data-e-type=\"widget\" data-widget_type=\"shortcode.default\">\n\t\t\t\t<div class=\"elementor-widget-container\">\n\t\t\t\t\t\t\t<div class=\"elementor-shortcode\"><div \t\tclass=\"sc_layouts sc_layouts_default sc_layouts_18668\"\n\t\tdata-delay=\"0\"\n\t\t>\t\t<div data-elementor-type=\"cpt_layouts\" data-elementor-id=\"18668\" class=\"elementor elementor-18668\">\n\t\t\t\t<div class=\"elementor-element elementor-element-ea117a6 e-con-full e-flex sc_layouts_column_icons_position_left e-con e-parent\" data-id=\"ea117a6\" data-element_type=\"container\" data-e-type=\"container\">\n\t\t<div data-animation-type=\"block\" class=\"elementor-element elementor-element-1ce1a52 animated-slow e-flex e-con-boxed sc_layouts_column_icons_position_left sc_gradient_animation_none animation_type_block elementor-invisible e-con e-child\" data-id=\"1ce1a52\" data-element_type=\"container\" data-e-type=\"container\" data-settings=\"{&quot;background_background&quot;:&quot;gradient&quot;,&quot;animation&quot;:&quot;qwery-fadeinup&quot;}\">\n\t\t\t\t\t<div class=\"e-con-inner\">\n\t\t\t\t<div class=\"elementor-element elementor-element-3a4e899 elementor-widget__width-initial elementor-widget-mobile__width-initial sc_fly_static elementor-widget elementor-widget-text-editor\" data-id=\"3a4e899\" data-element_type=\"widget\" data-e-type=\"widget\" data-widget_type=\"text-editor.default\">\n\t\t\t\t<div class=\"elementor-widget-container\">\n\t\t\t\t\t\t\t\t\t<p><span style=\"color: #f9b233;\"><a style=\"color: #f9b233;\" href=\"https:\/\/onelink.to\/zmf8jc?utm_source=blog_post\"><span style=\"font-weight: 400;\">Descarga la app de Eranovum<\/span><\/a><\/span><span style=\"font-weight: 400;\"> y descubre los puntos de recarga cerca de ti.<\/span><\/p>\t\t\t\t\t\t\t\t<\/div>\n\t\t\t\t<\/div>\n\t\t\t\t<div data-animation-type=\"block\" class=\"elementor-element elementor-element-1ca063c animated-slow animation_type_block sc_fly_static elementor-invisible elementor-widget elementor-widget-image\" data-id=\"1ca063c\" data-element_type=\"widget\" data-e-type=\"widget\" data-settings=\"{&quot;_animation&quot;:&quot;qwery-fadeinleft&quot;,&quot;_animation_delay&quot;:300}\" data-widget_type=\"image.default\">\n\t\t\t\t<div class=\"elementor-widget-container\">\n\t\t\t\t\t\t\t\t\t\t\t\t\t\t\t\t<a href=\"https:\/\/play.google.com\/store\/apps\/details?id=com.placetoplug.eranovum&#038;utm_source=blog_post\" target=\"_blank\" rel=\"nofollow\">\n\t\t\t\t\t\t\t<img fetchpriority=\"high\" decoding=\"async\" width=\"566\" height=\"169\" src=\"https:\/\/eranovum.energy\/wp-content\/uploads\/2024\/07\/google-play-badge-ES.png\" class=\"attachment-large size-large wp-image-11078\" alt=\"\" srcset=\"https:\/\/eranovum.energy\/wp-content\/uploads\/2024\/07\/google-play-badge-ES.png 566w, https:\/\/eranovum.energy\/wp-content\/uploads\/2024\/07\/google-play-badge-ES-300x90.png 300w, https:\/\/eranovum.energy\/wp-content\/uploads\/2024\/07\/google-play-badge-ES-370x110.png 370w, https:\/\/eranovum.energy\/wp-content\/uploads\/2024\/07\/google-play-badge-ES-410x122.png 410w\" sizes=\"(max-width: 600px) 100vw, 566px\" \/>\t\t\t\t\t\t\t\t<\/a>\n\t\t\t\t\t\t\t\t\t\t\t\t\t\t\t<\/div>\n\t\t\t\t<\/div>\n\t\t\t\t<div data-animation-type=\"block\" class=\"elementor-element elementor-element-b417732 animated-slow animation_type_block sc_fly_static elementor-invisible elementor-widget elementor-widget-image\" data-id=\"b417732\" data-element_type=\"widget\" data-e-type=\"widget\" data-settings=\"{&quot;_animation&quot;:&quot;qwery-fadeinright&quot;,&quot;_animation_delay&quot;:350}\" data-widget_type=\"image.default\">\n\t\t\t\t<div class=\"elementor-widget-container\">\n\t\t\t\t\t\t\t\t\t\t\t\t\t\t\t\t<a href=\"https:\/\/apps.apple.com\/us\/app\/eranovum\/id1618175895?utm_source=blog_post\" target=\"_blank\" rel=\"nofollow\">\n\t\t\t\t\t\t\t<img decoding=\"async\" width=\"566\" height=\"168\" src=\"https:\/\/eranovum.energy\/wp-content\/uploads\/2024\/07\/app-store-badge-ES.png\" class=\"attachment-large size-large wp-image-11084\" alt=\"\" srcset=\"https:\/\/eranovum.energy\/wp-content\/uploads\/2024\/07\/app-store-badge-ES.png 566w, https:\/\/eranovum.energy\/wp-content\/uploads\/2024\/07\/app-store-badge-ES-300x89.png 300w, https:\/\/eranovum.energy\/wp-content\/uploads\/2024\/07\/app-store-badge-ES-370x110.png 370w, https:\/\/eranovum.energy\/wp-content\/uploads\/2024\/07\/app-store-badge-ES-410x122.png 410w\" sizes=\"(max-width: 600px) 100vw, 566px\" \/>\t\t\t\t\t\t\t\t<\/a>\n\t\t\t\t\t\t\t\t\t\t\t\t\t\t\t<\/div>\n\t\t\t\t<\/div>\n\t\t\t\t\t<\/div>\n\t\t\t\t<\/div>\n\t\t\t\t<\/div>\n\t\t\t\t<\/div>\n\t\t<\/div><\/div>\n\t\t\t\t\t\t<\/div>\n\t\t\t\t<\/div>\n\t\t\t\t<\/div>\n\t\t\t\t<\/div>\n\t\t","protected":false},"excerpt":{"rendered":"<p>Movilidad Sostenible 12\/11\/2024 La duraci\u00f3n y la vida \u00fatil de la bater\u00eda de un coche&hellip;<\/p>\n","protected":false},"author":1,"featured_media":14383,"comment_status":"closed","ping_status":"open","sticky":false,"template":"","format":"standard","meta":{"_stopmodifiedupdate":true,"_modified_date":"","_acf_changed":false,"footnotes":""},"categories":[219,300],"tags":[235,301],"class_list":["post-14382","post","type-post","status-publish","format-standard","has-post-thumbnail","hentry","category-blog","category-movilidad-sostenible","tag-e-mobility-es","tag-ev-es"],"yoast_head":"<!-- This site is optimized with the Yoast SEO plugin v27.5 - https:\/\/yoast.com\/product\/yoast-seo-wordpress\/ -->\n<title>Duraci\u00f3n de la bater\u00eda de un coche el\u00e9ctrico y vida \u00fatil | Eranovum<\/title>\n<meta name=\"description\" content=\"Descubre cu\u00e1nto dura la bater\u00eda de un coche el\u00e9ctrico y cu\u00e1l es su vida \u00fatil estimada. En Eranovum te damos consejos para prolongar la duraci\u00f3n.\" \/>\n<meta name=\"robots\" content=\"index, follow, max-snippet:-1, max-image-preview:large, max-video-preview:-1\" \/>\n<link rel=\"canonical\" href=\"https:\/\/eranovum.energy\/es\/blog\/cuanto-dura-la-bateria-de-un-coche-electrico-cual-es-su-vida-util\/\" \/>\n<meta property=\"og:locale\" content=\"es_ES\" \/>\n<meta property=\"og:type\" content=\"article\" \/>\n<meta property=\"og:title\" content=\"Beneficios de instalar puntos de recarga para coches el\u00e9ctricos en las empresas\" \/>\n<meta property=\"og:description\" content=\"Da clic aqu\u00ed y descubre todos los beneficios de instalar puntos de recarga para coches el\u00e9ctricos en las empresas, sobre todo antes del 2023\" \/>\n<meta property=\"og:url\" content=\"https:\/\/eranovum.energy\/es\/blog\/cuanto-dura-la-bateria-de-un-coche-electrico-cual-es-su-vida-util\/\" \/>\n<meta property=\"og:site_name\" content=\"Eranovum\" \/>\n<meta property=\"article:published_time\" content=\"2024-11-12T16:53:14+00:00\" \/>\n<meta property=\"og:image\" content=\"https:\/\/eranovum.energy\/wp-content\/uploads\/2022\/10\/ventajas-de-instalar-un-punto-de-carga-para-coches-electricos.jpg\" \/>\n\t<meta property=\"og:image:width\" content=\"2000\" \/>\n\t<meta property=\"og:image:height\" content=\"1000\" \/>\n\t<meta property=\"og:image:type\" content=\"image\/jpeg\" \/>\n<meta name=\"author\" content=\"quadrosphera\" \/>\n<meta name=\"twitter:card\" content=\"summary_large_image\" \/>\n<meta name=\"twitter:title\" content=\"Beneficios de instalar puntos de recarga para coches el\u00e9ctricos en las empresas\" \/>\n<meta name=\"twitter:description\" content=\"Da clic aqu\u00ed y descubre todos los beneficios de instalar puntos de recarga para coches el\u00e9ctricos en las empresas, sobre todo antes del 2023\" \/>\n<meta name=\"twitter:image\" content=\"https:\/\/eranovum.energy\/wp-content\/uploads\/2022\/10\/ventajas-de-instalar-un-punto-de-carga-para-coches-electricos.jpg\" \/>\n<meta name=\"twitter:label1\" content=\"Escrito por\" \/>\n\t<meta name=\"twitter:data1\" content=\"quadrosphera\" \/>\n\t<meta name=\"twitter:label2\" content=\"Tiempo de lectura\" \/>\n\t<meta name=\"twitter:data2\" content=\"5 minutos\" \/>\n<script type=\"application\/ld+json\" class=\"yoast-schema-graph\">{\"@context\":\"https:\\\/\\\/schema.org\",\"@graph\":[{\"@type\":\"Article\",\"@id\":\"https:\\\/\\\/eranovum.energy\\\/es\\\/blog\\\/cuanto-dura-la-bateria-de-un-coche-electrico-cual-es-su-vida-util\\\/#article\",\"isPartOf\":{\"@id\":\"https:\\\/\\\/eranovum.energy\\\/es\\\/blog\\\/cuanto-dura-la-bateria-de-un-coche-electrico-cual-es-su-vida-util\\\/\"},\"author\":{\"name\":\"quadrosphera\",\"@id\":\"https:\\\/\\\/eranovum.energy\\\/es\\\/#\\\/schema\\\/person\\\/8899ee21829052240fb60fc9ce870a50\"},\"headline\":\"\u00bfCu\u00e1nto dura la bater\u00eda de un coche el\u00e9ctrico? \u00bfCu\u00e1l es su vida \u00fatil?\",\"datePublished\":\"2024-11-12T16:53:14+00:00\",\"mainEntityOfPage\":{\"@id\":\"https:\\\/\\\/eranovum.energy\\\/es\\\/blog\\\/cuanto-dura-la-bateria-de-un-coche-electrico-cual-es-su-vida-util\\\/\"},\"wordCount\":983,\"publisher\":{\"@id\":\"https:\\\/\\\/eranovum.energy\\\/es\\\/#organization\"},\"image\":{\"@id\":\"https:\\\/\\\/eranovum.energy\\\/es\\\/blog\\\/cuanto-dura-la-bateria-de-un-coche-electrico-cual-es-su-vida-util\\\/#primaryimage\"},\"thumbnailUrl\":\"https:\\\/\\\/eranovum.energy\\\/wp-content\\\/uploads\\\/2024\\\/11\\\/duracion-bateria-coche-electrico-vida-util.jpg\",\"keywords\":[\"E-mobility\",\"Ev\"],\"articleSection\":[\"Blog\",\"Movilidad sostenible\"],\"inLanguage\":\"es\"},{\"@type\":\"WebPage\",\"@id\":\"https:\\\/\\\/eranovum.energy\\\/es\\\/blog\\\/cuanto-dura-la-bateria-de-un-coche-electrico-cual-es-su-vida-util\\\/\",\"url\":\"https:\\\/\\\/eranovum.energy\\\/es\\\/blog\\\/cuanto-dura-la-bateria-de-un-coche-electrico-cual-es-su-vida-util\\\/\",\"name\":\"Duraci\u00f3n de la bater\u00eda de un coche el\u00e9ctrico y vida \u00fatil | Eranovum\",\"isPartOf\":{\"@id\":\"https:\\\/\\\/eranovum.energy\\\/es\\\/#website\"},\"primaryImageOfPage\":{\"@id\":\"https:\\\/\\\/eranovum.energy\\\/es\\\/blog\\\/cuanto-dura-la-bateria-de-un-coche-electrico-cual-es-su-vida-util\\\/#primaryimage\"},\"image\":{\"@id\":\"https:\\\/\\\/eranovum.energy\\\/es\\\/blog\\\/cuanto-dura-la-bateria-de-un-coche-electrico-cual-es-su-vida-util\\\/#primaryimage\"},\"thumbnailUrl\":\"https:\\\/\\\/eranovum.energy\\\/wp-content\\\/uploads\\\/2024\\\/11\\\/duracion-bateria-coche-electrico-vida-util.jpg\",\"datePublished\":\"2024-11-12T16:53:14+00:00\",\"description\":\"Descubre cu\u00e1nto dura la bater\u00eda de un coche el\u00e9ctrico y cu\u00e1l es su vida \u00fatil estimada. En Eranovum te damos consejos para prolongar la duraci\u00f3n.\",\"breadcrumb\":{\"@id\":\"https:\\\/\\\/eranovum.energy\\\/es\\\/blog\\\/cuanto-dura-la-bateria-de-un-coche-electrico-cual-es-su-vida-util\\\/#breadcrumb\"},\"inLanguage\":\"es\",\"potentialAction\":[{\"@type\":\"ReadAction\",\"target\":[\"https:\\\/\\\/eranovum.energy\\\/es\\\/blog\\\/cuanto-dura-la-bateria-de-un-coche-electrico-cual-es-su-vida-util\\\/\"]}]},{\"@type\":\"ImageObject\",\"inLanguage\":\"es\",\"@id\":\"https:\\\/\\\/eranovum.energy\\\/es\\\/blog\\\/cuanto-dura-la-bateria-de-un-coche-electrico-cual-es-su-vida-util\\\/#primaryimage\",\"url\":\"https:\\\/\\\/eranovum.energy\\\/wp-content\\\/uploads\\\/2024\\\/11\\\/duracion-bateria-coche-electrico-vida-util.jpg\",\"contentUrl\":\"https:\\\/\\\/eranovum.energy\\\/wp-content\\\/uploads\\\/2024\\\/11\\\/duracion-bateria-coche-electrico-vida-util.jpg\",\"width\":2000,\"height\":900,\"caption\":\"La duraci\u00f3n de la bater\u00eda de un coche el\u00e9ctrico en t\u00e9rminos de autonom\u00eda y tambi\u00e9n de degradaci\u00f3n es una de las consultas m\u00e1s planteadas por los conductores.\"},{\"@type\":\"BreadcrumbList\",\"@id\":\"https:\\\/\\\/eranovum.energy\\\/es\\\/blog\\\/cuanto-dura-la-bateria-de-un-coche-electrico-cual-es-su-vida-util\\\/#breadcrumb\",\"itemListElement\":[{\"@type\":\"ListItem\",\"position\":1,\"name\":\"Home\",\"item\":\"https:\\\/\\\/eranovum.energy\\\/es\\\/\"},{\"@type\":\"ListItem\",\"position\":2,\"name\":\"\u00bfCu\u00e1nto dura la bater\u00eda de un coche el\u00e9ctrico? \u00bfCu\u00e1l es su vida \u00fatil?\"}]},{\"@type\":\"WebSite\",\"@id\":\"https:\\\/\\\/eranovum.energy\\\/es\\\/#website\",\"url\":\"https:\\\/\\\/eranovum.energy\\\/es\\\/\",\"name\":\"Eranovum\",\"description\":\"Leading the new era of energy\",\"publisher\":{\"@id\":\"https:\\\/\\\/eranovum.energy\\\/es\\\/#organization\"},\"potentialAction\":[{\"@type\":\"SearchAction\",\"target\":{\"@type\":\"EntryPoint\",\"urlTemplate\":\"https:\\\/\\\/eranovum.energy\\\/es\\\/?s={search_term_string}\"},\"query-input\":{\"@type\":\"PropertyValueSpecification\",\"valueRequired\":true,\"valueName\":\"search_term_string\"}}],\"inLanguage\":\"es\"},{\"@type\":\"Organization\",\"@id\":\"https:\\\/\\\/eranovum.energy\\\/es\\\/#organization\",\"name\":\"Eranovum\",\"url\":\"https:\\\/\\\/eranovum.energy\\\/es\\\/\",\"logo\":{\"@type\":\"ImageObject\",\"inLanguage\":\"es\",\"@id\":\"https:\\\/\\\/eranovum.energy\\\/es\\\/#\\\/schema\\\/logo\\\/image\\\/\",\"url\":\"https:\\\/\\\/eranovum.energy\\\/wp-content\\\/uploads\\\/2022\\\/04\\\/cropped-eranovum-logo-web.png\",\"contentUrl\":\"https:\\\/\\\/eranovum.energy\\\/wp-content\\\/uploads\\\/2022\\\/04\\\/cropped-eranovum-logo-web.png\",\"width\":351,\"height\":41,\"caption\":\"Eranovum\"},\"image\":{\"@id\":\"https:\\\/\\\/eranovum.energy\\\/es\\\/#\\\/schema\\\/logo\\\/image\\\/\"}},{\"@type\":\"Person\",\"@id\":\"https:\\\/\\\/eranovum.energy\\\/es\\\/#\\\/schema\\\/person\\\/8899ee21829052240fb60fc9ce870a50\",\"name\":\"quadrosphera\",\"image\":{\"@type\":\"ImageObject\",\"inLanguage\":\"es\",\"@id\":\"https:\\\/\\\/secure.gravatar.com\\\/avatar\\\/bfa148e4674c11710ff73f8c29dc349dc77f5bc8cdcc356e0f0ea4497d2083df?s=96&d=mm&r=g\",\"url\":\"https:\\\/\\\/secure.gravatar.com\\\/avatar\\\/bfa148e4674c11710ff73f8c29dc349dc77f5bc8cdcc356e0f0ea4497d2083df?s=96&d=mm&r=g\",\"contentUrl\":\"https:\\\/\\\/secure.gravatar.com\\\/avatar\\\/bfa148e4674c11710ff73f8c29dc349dc77f5bc8cdcc356e0f0ea4497d2083df?s=96&d=mm&r=g\",\"caption\":\"quadrosphera\"},\"sameAs\":[\"https:\\\/\\\/eranovum.energy\"]}]}<\/script>\n<!-- \/ Yoast SEO plugin. -->","yoast_head_json":{"title":"Duraci\u00f3n de la bater\u00eda de un coche el\u00e9ctrico y vida \u00fatil | Eranovum","description":"Descubre cu\u00e1nto dura la bater\u00eda de un coche el\u00e9ctrico y cu\u00e1l es su vida \u00fatil estimada. En Eranovum te damos consejos para prolongar la duraci\u00f3n.","robots":{"index":"index","follow":"follow","max-snippet":"max-snippet:-1","max-image-preview":"max-image-preview:large","max-video-preview":"max-video-preview:-1"},"canonical":"https:\/\/eranovum.energy\/es\/blog\/cuanto-dura-la-bateria-de-un-coche-electrico-cual-es-su-vida-util\/","og_locale":"es_ES","og_type":"article","og_title":"Beneficios de instalar puntos de recarga para coches el\u00e9ctricos en las empresas","og_description":"Da clic aqu\u00ed y descubre todos los beneficios de instalar puntos de recarga para coches el\u00e9ctricos en las empresas, sobre todo antes del 2023","og_url":"https:\/\/eranovum.energy\/es\/blog\/cuanto-dura-la-bateria-de-un-coche-electrico-cual-es-su-vida-util\/","og_site_name":"Eranovum","article_published_time":"2024-11-12T16:53:14+00:00","og_image":[{"width":2000,"height":1000,"url":"https:\/\/eranovum.energy\/wp-content\/uploads\/2022\/10\/ventajas-de-instalar-un-punto-de-carga-para-coches-electricos.jpg","type":"image\/jpeg"}],"author":"quadrosphera","twitter_card":"summary_large_image","twitter_title":"Beneficios de instalar puntos de recarga para coches el\u00e9ctricos en las empresas","twitter_description":"Da clic aqu\u00ed y descubre todos los beneficios de instalar puntos de recarga para coches el\u00e9ctricos en las empresas, sobre todo antes del 2023","twitter_image":"https:\/\/eranovum.energy\/wp-content\/uploads\/2022\/10\/ventajas-de-instalar-un-punto-de-carga-para-coches-electricos.jpg","twitter_misc":{"Escrito por":"quadrosphera","Tiempo de lectura":"5 minutos"},"schema":{"@context":"https:\/\/schema.org","@graph":[{"@type":"Article","@id":"https:\/\/eranovum.energy\/es\/blog\/cuanto-dura-la-bateria-de-un-coche-electrico-cual-es-su-vida-util\/#article","isPartOf":{"@id":"https:\/\/eranovum.energy\/es\/blog\/cuanto-dura-la-bateria-de-un-coche-electrico-cual-es-su-vida-util\/"},"author":{"name":"quadrosphera","@id":"https:\/\/eranovum.energy\/es\/#\/schema\/person\/8899ee21829052240fb60fc9ce870a50"},"headline":"\u00bfCu\u00e1nto dura la bater\u00eda de un coche el\u00e9ctrico? \u00bfCu\u00e1l es su vida \u00fatil?","datePublished":"2024-11-12T16:53:14+00:00","mainEntityOfPage":{"@id":"https:\/\/eranovum.energy\/es\/blog\/cuanto-dura-la-bateria-de-un-coche-electrico-cual-es-su-vida-util\/"},"wordCount":983,"publisher":{"@id":"https:\/\/eranovum.energy\/es\/#organization"},"image":{"@id":"https:\/\/eranovum.energy\/es\/blog\/cuanto-dura-la-bateria-de-un-coche-electrico-cual-es-su-vida-util\/#primaryimage"},"thumbnailUrl":"https:\/\/eranovum.energy\/wp-content\/uploads\/2024\/11\/duracion-bateria-coche-electrico-vida-util.jpg","keywords":["E-mobility","Ev"],"articleSection":["Blog","Movilidad sostenible"],"inLanguage":"es"},{"@type":"WebPage","@id":"https:\/\/eranovum.energy\/es\/blog\/cuanto-dura-la-bateria-de-un-coche-electrico-cual-es-su-vida-util\/","url":"https:\/\/eranovum.energy\/es\/blog\/cuanto-dura-la-bateria-de-un-coche-electrico-cual-es-su-vida-util\/","name":"Duraci\u00f3n de la bater\u00eda de un coche el\u00e9ctrico y vida \u00fatil | Eranovum","isPartOf":{"@id":"https:\/\/eranovum.energy\/es\/#website"},"primaryImageOfPage":{"@id":"https:\/\/eranovum.energy\/es\/blog\/cuanto-dura-la-bateria-de-un-coche-electrico-cual-es-su-vida-util\/#primaryimage"},"image":{"@id":"https:\/\/eranovum.energy\/es\/blog\/cuanto-dura-la-bateria-de-un-coche-electrico-cual-es-su-vida-util\/#primaryimage"},"thumbnailUrl":"https:\/\/eranovum.energy\/wp-content\/uploads\/2024\/11\/duracion-bateria-coche-electrico-vida-util.jpg","datePublished":"2024-11-12T16:53:14+00:00","description":"Descubre cu\u00e1nto dura la bater\u00eda de un coche el\u00e9ctrico y cu\u00e1l es su vida \u00fatil estimada. En Eranovum te damos consejos para prolongar la duraci\u00f3n.","breadcrumb":{"@id":"https:\/\/eranovum.energy\/es\/blog\/cuanto-dura-la-bateria-de-un-coche-electrico-cual-es-su-vida-util\/#breadcrumb"},"inLanguage":"es","potentialAction":[{"@type":"ReadAction","target":["https:\/\/eranovum.energy\/es\/blog\/cuanto-dura-la-bateria-de-un-coche-electrico-cual-es-su-vida-util\/"]}]},{"@type":"ImageObject","inLanguage":"es","@id":"https:\/\/eranovum.energy\/es\/blog\/cuanto-dura-la-bateria-de-un-coche-electrico-cual-es-su-vida-util\/#primaryimage","url":"https:\/\/eranovum.energy\/wp-content\/uploads\/2024\/11\/duracion-bateria-coche-electrico-vida-util.jpg","contentUrl":"https:\/\/eranovum.energy\/wp-content\/uploads\/2024\/11\/duracion-bateria-coche-electrico-vida-util.jpg","width":2000,"height":900,"caption":"La duraci\u00f3n de la bater\u00eda de un coche el\u00e9ctrico en t\u00e9rminos de autonom\u00eda y tambi\u00e9n de degradaci\u00f3n es una de las consultas m\u00e1s planteadas por los conductores."},{"@type":"BreadcrumbList","@id":"https:\/\/eranovum.energy\/es\/blog\/cuanto-dura-la-bateria-de-un-coche-electrico-cual-es-su-vida-util\/#breadcrumb","itemListElement":[{"@type":"ListItem","position":1,"name":"Home","item":"https:\/\/eranovum.energy\/es\/"},{"@type":"ListItem","position":2,"name":"\u00bfCu\u00e1nto dura la bater\u00eda de un coche el\u00e9ctrico? \u00bfCu\u00e1l es su vida \u00fatil?"}]},{"@type":"WebSite","@id":"https:\/\/eranovum.energy\/es\/#website","url":"https:\/\/eranovum.energy\/es\/","name":"Eranovum","description":"Leading the new era of energy","publisher":{"@id":"https:\/\/eranovum.energy\/es\/#organization"},"potentialAction":[{"@type":"SearchAction","target":{"@type":"EntryPoint","urlTemplate":"https:\/\/eranovum.energy\/es\/?s={search_term_string}"},"query-input":{"@type":"PropertyValueSpecification","valueRequired":true,"valueName":"search_term_string"}}],"inLanguage":"es"},{"@type":"Organization","@id":"https:\/\/eranovum.energy\/es\/#organization","name":"Eranovum","url":"https:\/\/eranovum.energy\/es\/","logo":{"@type":"ImageObject","inLanguage":"es","@id":"https:\/\/eranovum.energy\/es\/#\/schema\/logo\/image\/","url":"https:\/\/eranovum.energy\/wp-content\/uploads\/2022\/04\/cropped-eranovum-logo-web.png","contentUrl":"https:\/\/eranovum.energy\/wp-content\/uploads\/2022\/04\/cropped-eranovum-logo-web.png","width":351,"height":41,"caption":"Eranovum"},"image":{"@id":"https:\/\/eranovum.energy\/es\/#\/schema\/logo\/image\/"}},{"@type":"Person","@id":"https:\/\/eranovum.energy\/es\/#\/schema\/person\/8899ee21829052240fb60fc9ce870a50","name":"quadrosphera","image":{"@type":"ImageObject","inLanguage":"es","@id":"https:\/\/secure.gravatar.com\/avatar\/bfa148e4674c11710ff73f8c29dc349dc77f5bc8cdcc356e0f0ea4497d2083df?s=96&d=mm&r=g","url":"https:\/\/secure.gravatar.com\/avatar\/bfa148e4674c11710ff73f8c29dc349dc77f5bc8cdcc356e0f0ea4497d2083df?s=96&d=mm&r=g","contentUrl":"https:\/\/secure.gravatar.com\/avatar\/bfa148e4674c11710ff73f8c29dc349dc77f5bc8cdcc356e0f0ea4497d2083df?s=96&d=mm&r=g","caption":"quadrosphera"},"sameAs":["https:\/\/eranovum.energy"]}]}},"acf":[],"_links":{"self":[{"href":"https:\/\/eranovum.energy\/es\/wp-json\/wp\/v2\/posts\/14382","targetHints":{"allow":["GET"]}}],"collection":[{"href":"https:\/\/eranovum.energy\/es\/wp-json\/wp\/v2\/posts"}],"about":[{"href":"https:\/\/eranovum.energy\/es\/wp-json\/wp\/v2\/types\/post"}],"author":[{"embeddable":true,"href":"https:\/\/eranovum.energy\/es\/wp-json\/wp\/v2\/users\/1"}],"replies":[{"embeddable":true,"href":"https:\/\/eranovum.energy\/es\/wp-json\/wp\/v2\/comments?post=14382"}],"version-history":[{"count":3,"href":"https:\/\/eranovum.energy\/es\/wp-json\/wp\/v2\/posts\/14382\/revisions"}],"predecessor-version":[{"id":19470,"href":"https:\/\/eranovum.energy\/es\/wp-json\/wp\/v2\/posts\/14382\/revisions\/19470"}],"wp:featuredmedia":[{"embeddable":true,"href":"https:\/\/eranovum.energy\/es\/wp-json\/wp\/v2\/media\/14383"}],"wp:attachment":[{"href":"https:\/\/eranovum.energy\/es\/wp-json\/wp\/v2\/media?parent=14382"}],"wp:term":[{"taxonomy":"category","embeddable":true,"href":"https:\/\/eranovum.energy\/es\/wp-json\/wp\/v2\/categories?post=14382"},{"taxonomy":"post_tag","embeddable":true,"href":"https:\/\/eranovum.energy\/es\/wp-json\/wp\/v2\/tags?post=14382"}],"curies":[{"name":"wp","href":"https:\/\/api.w.org\/{rel}","templated":true}]}}